{"id":32201,"date":"2022-10-01T15:23:38","date_gmt":"2022-10-01T20:23:38","guid":{"rendered":"https:\/\/encuentroinformativo.com.mx\/?p=32201"},"modified":"2022-10-01T15:23:44","modified_gmt":"2022-10-01T20:23:44","slug":"filtraciones-y-escandalos","status":"publish","type":"post","link":"https:\/\/encuentroinformativo.com.mx\/?p=32201","title":{"rendered":"FILTRACIONES Y ESC\u00c1NDALOS"},"content":{"rendered":"\n<p><strong>N\u00fameros Rojos\u00a0<\/strong><\/p>\n\n\n\n<p><strong>Brenda Caballero<\/strong><\/p>\n\n\n\n<p>Ha sido una semana dura para el Presidente Andr\u00e9s Manuel L\u00f3pez Obrador y su Gobierno. Las filtraciones a los medios de comunicaci\u00f3n han sido una pieza clave de ello.<\/p>\n\n\n\n<p>Todo parece que el caso Ayotzinapa, el que fuera el tal\u00f3n de Aquiles del Gobierno de Enrique Pe\u00f1a Nieto, quiere extenderse a este sexenio.<\/p>\n\n\n\n<p>Empecemos por la filtraci\u00f3n del informe no redactado ni testado que publica la periodista Peniley&nbsp; Ram\u00edrez en el diario Reforma, donde se\u00f1ala entre otras cosas que hay varios militares involucrados en el caso de los 43 desaparecidos de Ayotzinapa. All\u00ed se hablaba de 20, entre ellos dos Generales y un General brigadier.<\/p>\n\n\n\n<p>Casi al mismo tiempo, el Diario El Pa\u00eds revela que la Fiscal\u00eda General de la Rep\u00fablica cancel\u00f3 al menos 21 de las 83 \u00f3rdenes de aprehensi\u00f3n, entre ellas la de 16 militares.<\/p>\n\n\n\n<p>Ante las filtraciones, resaltaron en la palestra los nombres de dos Alejandros cercanos al Presidente. Encinas y Gertz Manero. El primero, Subsecretario de Derechos Humanos y cercano al caso Ayotzinapa; y el Segundo, Fiscal General de la Rep\u00fablica.&nbsp;<\/p>\n\n\n\n<p>El Presidente no tuvo empacho en defender a los suyos en la Ma\u00f1anera, no as\u00ed a Omar G\u00f3mez Trejo, quien despu\u00e9s de las filtraciones anteriores, renunci\u00f3 a la Fiscal\u00eda Especializada para el caso de Ayotzinapa el cual ya ten\u00eda a\u00f1os trabajando, pues fue Secretario Ejecutivo del Grupo Interdisciplinario de Expertas y Expertos Independientes (GIEI).<\/p>\n\n\n\n<p>De all\u00ed podemos decir que fue el pasado jueves uno de los d\u00edas m\u00e1s oscuros para el Presidente, pues aparte de hackear los archivos de la Secretar\u00eda de la Defensa Nacional, uno de los pilares m\u00e1s fuertes de su gobierno, pues se le ha incrementado el presupuesto y con varias tareas encomendadas como la construcci\u00f3n del Aeropuerto y el Tren Maya, sali\u00f3 a la luz el libro \u201cEl Rey del Ca$h\u201d que escribe Elena Ch\u00e1vez, ex pareja de C\u00e9sar Y\u00e1\u00f1ez, en ese entonces jefe de prensa de \u00c1ndr\u00e9s Manuel L\u00f3pez Obrador, y hoy subsecretario de Desarrollo Democr\u00e1tico, Participaci\u00f3n y Asuntos Religiosos de la Secretar\u00eda de Gobernaci\u00f3n.<\/p>\n\n\n\n<p>Pero el libro pas\u00f3 a segundo t\u00e9rmino al conocerse por el periodista Carlos Loret de Mola que la Sedena hab\u00eda sido hackeada por el Grupo de Hacktivistas Guacamaya, el mismo que extrajera informaci\u00f3n de pa\u00edses como El Salvador, Colombia, Per\u00fa y Chile y que expusiera informaci\u00f3n delicada que vulnera al estado mexicano como es la misma salud del Presidente de la Rep\u00fablica, correos de la dependencia desde el 2016 a la fecha y otros temas de seguridad nacional.<\/p>\n\n\n\n<p>El asunto cobr\u00f3 fuerza cuando el mismo Andr\u00e9s Manuel L\u00f3pez Obrador lo confirm\u00f3 en la Ma\u00f1anera del viernes y atr\u00e1s qued\u00f3 el mote de que fuera un montaje del periodista.<\/p>\n\n\n\n<p>El mismo Andr\u00e9s Manuel trat\u00f3 el tema de su salud con cierta chunga, al poner en la Ma\u00f1anera la canci\u00f3n de Chico Ch\u00e9 llamada \u201cQue no me quiso el Ej\u00e9rcito\u201d, haciendo referencia a tres amigos que no pudieron ingresar al ej\u00e9rcito por pie plano, colesterol, piedras en los ri\u00f1ones, agua en los pulmones y hasta por estar crudos, comparando as\u00ed los males que sufre. Sin embargo, \u00bfla canci\u00f3n llevar\u00eda mensaje? \u00bfQu\u00e9 otras filtraciones saldr\u00e1n?&nbsp;<\/p>\n\n\n\n<p>En pol\u00edtica no hay coincidencias, y en filtraciones a la prensa menos. Pero la pregunta es \u00bfDe qui\u00e9n es la mano que mece la cuna?<\/p>\n\n\n\n<p>Twiter: @NumerosRojos_BC<\/p>\n\n\n\n<p><a href=\"mailto:caballero_brenda@hotmail.com\" target=\"_blank\" rel=\"noreferrer noopener\">caballero_brenda@hotmail.com<\/a><\/p>\n","protected":false},"excerpt":{"rendered":"<p>N\u00fameros Rojos\u00a0 Brenda Caballero Ha sido una semana dura para el Presidente Andr\u00e9s Manuel L\u00f3pez Obrador y su Gobierno. Las filtraciones a los medios de comunicaci\u00f3n han sido una pieza clave de ello. Todo parece que el caso Ayotzinapa, el que fuera el tal\u00f3n de Aquiles del Gobierno de Enrique Pe\u00f1a Nieto, quiere extenderse a [&hellip;]<\/p>\n","protected":false},"author":1,"featured_media":387,"comment_status":"open","ping_status":"open","sticky":false,"template":"","format":"standard","meta":{"_jetpack_memberships_contains_paid_content":false,"footnotes":""},"categories":[11],"tags":[],"class_list":["post-32201","post","type-post","status-publish","format-standard","has-post-thumbnail","hentry","category-opinion"],"jetpack_featured_media_url":"https:\/\/encuentroinformativo.com.mx\/wp-content\/uploads\/2020\/03\/7CF8A22B-2764-47BE-8F7F-38FE9E5D6A2F.jpeg","jetpack_sharing_enabled":true,"jetpack_likes_enabled":true,"amp_enabled":true,"_links":{"self":[{"href":"https:\/\/encuentroinformativo.com.mx\/index.php?rest_route=\/wp\/v2\/posts\/32201","targetHints":{"allow":["GET"]}}],"collection":[{"href":"https:\/\/encuentroinformativo.com.mx\/index.php?rest_route=\/wp\/v2\/posts"}],"about":[{"href":"https:\/\/encuentroinformativo.com.mx\/index.php?rest_route=\/wp\/v2\/types\/post"}],"author":[{"embeddable":true,"href":"https:\/\/encuentroinformativo.com.mx\/index.php?rest_route=\/wp\/v2\/users\/1"}],"replies":[{"embeddable":true,"href":"https:\/\/encuentroinformativo.com.mx\/index.php?rest_route=%2Fwp%2Fv2%2Fcomments&post=32201"}],"version-history":[{"count":1,"href":"https:\/\/encuentroinformativo.com.mx\/index.php?rest_route=\/wp\/v2\/posts\/32201\/revisions"}],"predecessor-version":[{"id":32202,"href":"https:\/\/encuentroinformativo.com.mx\/index.php?rest_route=\/wp\/v2\/posts\/32201\/revisions\/32202"}],"wp:featuredmedia":[{"embeddable":true,"href":"https:\/\/encuentroinformativo.com.mx\/index.php?rest_route=\/wp\/v2\/media\/387"}],"wp:attachment":[{"href":"https:\/\/encuentroinformativo.com.mx\/index.php?rest_route=%2Fwp%2Fv2%2Fmedia&parent=32201"}],"wp:term":[{"taxonomy":"category","embeddable":true,"href":"https:\/\/encuentroinformativo.com.mx\/index.php?rest_route=%2Fwp%2Fv2%2Fcategories&post=32201"},{"taxonomy":"post_tag","embeddable":true,"href":"https:\/\/encuentroinformativo.com.mx\/index.php?rest_route=%2Fwp%2Fv2%2Ftags&post=32201"}],"curies":[{"name":"wp","href":"https:\/\/api.w.org\/{rel}","templated":true}]}}