{"id":32203,"date":"2022-10-01T16:57:15","date_gmt":"2022-10-01T21:57:15","guid":{"rendered":"https:\/\/encuentroinformativo.com.mx\/?p=32203"},"modified":"2022-10-01T16:57:20","modified_gmt":"2022-10-01T21:57:20","slug":"realizan-cortes-de-cabello-para-apoyar-a-ninos-con-cancer","status":"publish","type":"post","link":"https:\/\/encuentroinformativo.com.mx\/?p=32203","title":{"rendered":"Realizan cortes de cabello para apoyar a ni\u00f1os con c\u00e1ncer"},"content":{"rendered":"\n<p><strong>Dar\u00edo Pale<\/strong><\/p>\n\n\n\n<p>Xalapa, Ver.- La se\u00f1ora Mar\u00eda del Rosario Contreras Flores presidenta de la asociaci\u00f3n &#8220;Mujeres Sembrando Esperanza&#8221;, el d\u00eda de hoy llevaron a cabo cortes de cabello con la finalidad de recaudar fondos para apoyar a los ni\u00f1os con c\u00e1ncer.<\/p>\n\n\n\n<p>En entrevista se\u00f1al\u00f3 que, est\u00e1n trabajando con ni\u00f1os que padecen c\u00e1ncer y hoy con el instituto de Belleza HADAS est\u00e1n realizando cortes de cabellos y solo est\u00e1n cobrando un donativo muy significativo.<\/p>\n\n\n\n<p>Adem\u00e1s a quienes donan su cabello lo utilizar\u00e1n para hacer pelucas para regalar a las mujeres y ni\u00f1os con c\u00e1ncer y que est\u00e1n ciento tratadas en el CECAM, el servicio lo estar\u00e1n prestando de 10:00 a las 14:30 horas en el parque Ju\u00e1rez.<\/p>\n\n\n\n<p>Por \u00faltimo cabe se\u00f1alar que afortunadamente muchas que pasaban por el lugar al ver la causa por la cual realizaban esta campa\u00f1a solicit\u00f3 que les hicieran un corte de cabello y dar una cooperaci\u00f3n voluntaria.\u00a0<\/p>\n","protected":false},"excerpt":{"rendered":"<p>Dar\u00edo Pale Xalapa, Ver.- La se\u00f1ora Mar\u00eda del Rosario Contreras Flores presidenta de la asociaci\u00f3n &#8220;Mujeres Sembrando Esperanza&#8221;, el d\u00eda de hoy llevaron a cabo cortes de cabello con la finalidad de recaudar fondos para apoyar a los ni\u00f1os con c\u00e1ncer. En entrevista se\u00f1al\u00f3 que, est\u00e1n trabajando con ni\u00f1os que padecen c\u00e1ncer y hoy con [&hellip;]<\/p>\n","protected":false},"author":1,"featured_media":32204,"comment_status":"open","ping_status":"open","sticky":false,"template":"","format":"standard","meta":{"_jetpack_memberships_contains_paid_content":false,"footnotes":""},"categories":[3],"tags":[],"class_list":["post-32203","post","type-post","status-publish","format-standard","has-post-thumbnail","hentry","category-xalapa"],"jetpack_featured_media_url":"https:\/\/encuentroinformativo.com.mx\/wp-content\/uploads\/2022\/10\/031896B7-8A69-4216-8DF0-F31A0F74CB5E.jpeg","jetpack_sharing_enabled":true,"jetpack_likes_enabled":true,"amp_enabled":true,"_links":{"self":[{"href":"https:\/\/encuentroinformativo.com.mx\/index.php?rest_route=\/wp\/v2\/posts\/32203","targetHints":{"allow":["GET"]}}],"collection":[{"href":"https:\/\/encuentroinformativo.com.mx\/index.php?rest_route=\/wp\/v2\/posts"}],"about":[{"href":"https:\/\/encuentroinformativo.com.mx\/index.php?rest_route=\/wp\/v2\/types\/post"}],"author":[{"embeddable":true,"href":"https:\/\/encuentroinformativo.com.mx\/index.php?rest_route=\/wp\/v2\/users\/1"}],"replies":[{"embeddable":true,"href":"https:\/\/encuentroinformativo.com.mx\/index.php?rest_route=%2Fwp%2Fv2%2Fcomments&post=32203"}],"version-history":[{"count":1,"href":"https:\/\/encuentroinformativo.com.mx\/index.php?rest_route=\/wp\/v2\/posts\/32203\/revisions"}],"predecessor-version":[{"id":32205,"href":"https:\/\/encuentroinformativo.com.mx\/index.php?rest_route=\/wp\/v2\/posts\/32203\/revisions\/32205"}],"wp:featuredmedia":[{"embeddable":true,"href":"https:\/\/encuentroinformativo.com.mx\/index.php?rest_route=\/wp\/v2\/media\/32204"}],"wp:attachment":[{"href":"https:\/\/encuentroinformativo.com.mx\/index.php?rest_route=%2Fwp%2Fv2%2Fmedia&parent=32203"}],"wp:term":[{"taxonomy":"category","embeddable":true,"href":"https:\/\/encuentroinformativo.com.mx\/index.php?rest_route=%2Fwp%2Fv2%2Fcategories&post=32203"},{"taxonomy":"post_tag","embeddable":true,"href":"https:\/\/encuentroinformativo.com.mx\/index.php?rest_route=%2Fwp%2Fv2%2Ftags&post=32203"}],"curies":[{"name":"wp","href":"https:\/\/api.w.org\/{rel}","templated":true}]}}