{"id":32206,"date":"2022-10-01T17:02:28","date_gmt":"2022-10-01T22:02:28","guid":{"rendered":"https:\/\/encuentroinformativo.com.mx\/?p=32206"},"modified":"2022-10-01T17:02:31","modified_gmt":"2022-10-01T22:02:31","slug":"impulsaran-carrera-de-periodismo-digital-en-la-uv","status":"publish","type":"post","link":"https:\/\/encuentroinformativo.com.mx\/?p=32206","title":{"rendered":"Impulsar\u00e1n carrera de periodismo digital en la UV"},"content":{"rendered":"\n<p><strong>Dar\u00edo Pale<\/strong><\/p>\n\n\n\n<p>Xalapa, Ver.- Habr\u00e1 una nueva licenciatura en periodismo digital ser\u00e1 para el p\u00fablico en general, para lo cual ya est\u00e1n haciendo un estudio de mercado para ver la demanda que requerir\u00edan, la van a combinar para que sea en l\u00ednea y sea m\u00e1s f\u00e1cil para quienes estudian y trabajan.<\/p>\n\n\n\n<p>En entrevista Rossy Lorena Laurencio Meza directora de la Facultad de Comunicaci\u00f3n se\u00f1al\u00f3 que, firmaron un acuerdo de colaboraci\u00f3n con una asociaci\u00f3n de periodistas para realizar actividades de manera conjunta con la AMECOPE, y la facultad.<\/p>\n\n\n\n<p>Ser\u00e1n cursos de actualizaci\u00f3n y capacitaci\u00f3n ya que por el momento no est\u00e1n dando t\u00edtulos a los emp\u00edricos, est\u00e1n profesionalizando el oficio de las actividades que realizan varias personas, principalmente lo que tiene que ver con las redes sociales, y el marketing.<\/p>\n\n\n\n<p>Lo anterior permitir\u00e1 que los periodistas en activo tengan formaci\u00f3n m\u00e1s actualizada y afortunadamente han tenido mucha respuesta positiva ya que han estado trabajando con algunos periodistas en Puente Nacional, C\u00f3rdoba, en Xalapa y actualmente los \u00a0sean buscando de otras regiones como Mart\u00ednez de la Torre entre otros.<\/p>\n\n\n\n<p>Se\u00f1al\u00f3 que tambi\u00e9n est\u00e1n trabajando en propuestas a nivel de postgrado y de otras licenciaturas que tiene que ver con el periodismo digital, y est\u00e1n tratando de abrir para el pr\u00f3ximo a\u00f1o una licenciatura que permita que los periodistas en activo puedan acercase al campo del periodismo.<\/p>\n\n\n\n<p>Reconoci\u00f3 que lamentablemente el gremio est\u00e1 muy lastimado ya que se han presentado muchos problemas pero el oficio se sigue dando, ya que contin\u00faa el inter\u00e9s por esta carrera, ya que muchos estudiantes prefieren estudiar periodismo, sigue siendo un asunto de inter\u00e9s para aquellos que se dedican a esta profesi\u00f3n y que a pesar de la violencia que se est\u00e1 viendo sigue el inter\u00e9s por la carrera.<\/p>\n\n\n\n<p>Coment\u00f3 que la matr\u00edcula no se ha visto afectada ya que reciben 160 estudiantes de nuevo ingreso en el sistema escolarizado y 60 en el sistema abierto, y la demanda es el doble de aspirantes que est\u00e1n recibiendo y muchos pero m\u00e1s de la mitad se queda fuera.<\/p>\n\n\n\n<p>Finalmente se\u00f1al\u00f3 que la nueva licenciatura en periodismo digital es para el p\u00fablico en general y est\u00e1n haciendo el estudio de mercado para ver la demanda que se requerir\u00eda pero est\u00e1 abierta al p\u00fablico en general y la combinar\u00e1n para que sea en l\u00ednea tambi\u00e9n y sea m\u00e1s f\u00e1cil, probablemente esta se inicie el pr\u00f3ximo a\u00f1o.<\/p>\n","protected":false},"excerpt":{"rendered":"<p>Dar\u00edo Pale Xalapa, Ver.- Habr\u00e1 una nueva licenciatura en periodismo digital ser\u00e1 para el p\u00fablico en general, para lo cual ya est\u00e1n haciendo un estudio de mercado para ver la demanda que requerir\u00edan, la van a combinar para que sea en l\u00ednea y sea m\u00e1s f\u00e1cil para quienes estudian y trabajan. En entrevista Rossy Lorena [&hellip;]<\/p>\n","protected":false},"author":1,"featured_media":32207,"comment_status":"open","ping_status":"open","sticky":false,"template":"","format":"standard","meta":{"_jetpack_memberships_contains_paid_content":false,"footnotes":""},"categories":[2],"tags":[],"class_list":["post-32206","post","type-post","status-publish","format-standard","has-post-thumbnail","hentry","category-estado"],"jetpack_featured_media_url":"https:\/\/encuentroinformativo.com.mx\/wp-content\/uploads\/2022\/10\/E5F10B16-28D7-4780-BDEB-B21271EFEDC3.jpeg","jetpack_sharing_enabled":true,"jetpack_likes_enabled":true,"amp_enabled":true,"_links":{"self":[{"href":"https:\/\/encuentroinformativo.com.mx\/index.php?rest_route=\/wp\/v2\/posts\/32206","targetHints":{"allow":["GET"]}}],"collection":[{"href":"https:\/\/encuentroinformativo.com.mx\/index.php?rest_route=\/wp\/v2\/posts"}],"about":[{"href":"https:\/\/encuentroinformativo.com.mx\/index.php?rest_route=\/wp\/v2\/types\/post"}],"author":[{"embeddable":true,"href":"https:\/\/encuentroinformativo.com.mx\/index.php?rest_route=\/wp\/v2\/users\/1"}],"replies":[{"embeddable":true,"href":"https:\/\/encuentroinformativo.com.mx\/index.php?rest_route=%2Fwp%2Fv2%2Fcomments&post=32206"}],"version-history":[{"count":1,"href":"https:\/\/encuentroinformativo.com.mx\/index.php?rest_route=\/wp\/v2\/posts\/32206\/revisions"}],"predecessor-version":[{"id":32208,"href":"https:\/\/encuentroinformativo.com.mx\/index.php?rest_route=\/wp\/v2\/posts\/32206\/revisions\/32208"}],"wp:featuredmedia":[{"embeddable":true,"href":"https:\/\/encuentroinformativo.com.mx\/index.php?rest_route=\/wp\/v2\/media\/32207"}],"wp:attachment":[{"href":"https:\/\/encuentroinformativo.com.mx\/index.php?rest_route=%2Fwp%2Fv2%2Fmedia&parent=32206"}],"wp:term":[{"taxonomy":"category","embeddable":true,"href":"https:\/\/encuentroinformativo.com.mx\/index.php?rest_route=%2Fwp%2Fv2%2Fcategories&post=32206"},{"taxonomy":"post_tag","embeddable":true,"href":"https:\/\/encuentroinformativo.com.mx\/index.php?rest_route=%2Fwp%2Fv2%2Ftags&post=32206"}],"curies":[{"name":"wp","href":"https:\/\/api.w.org\/{rel}","templated":true}]}}