{"id":32209,"date":"2022-10-01T20:34:56","date_gmt":"2022-10-02T01:34:56","guid":{"rendered":"https:\/\/encuentroinformativo.com.mx\/?p=32209"},"modified":"2022-10-01T20:35:01","modified_gmt":"2022-10-02T01:35:01","slug":"toma-protesta-presidente-de-amecope-veracruz","status":"publish","type":"post","link":"https:\/\/encuentroinformativo.com.mx\/?p=32209","title":{"rendered":"Toma protesta presidente de AMECOPE Veracruz"},"content":{"rendered":"\n<p><strong>Alejandro \u00c1vila<\/strong><\/p>\n\n\n\n<p>Xalapa, Ver.- Este s\u00e1bado 1 de octubre se tom\u00f3 protesta en conocido hotel de la capital de estado, al presidente de la Asociaci\u00f3n Mexicana de Comunicadores y Periodistas (AMECOPE) en Veracruz, Juan de Dios S\u00e1nchez Abreu.<\/p>\n\n\n\n<p>En dicho evento tambi\u00e9n se dieron los nombramientos a los delegados en diversas zonas de la entidad veracruzana, tales como, Veracruz &#8211; Boca del R\u00edo, Altas Monta\u00f1as, los Tuxtlas, zona norte (Poza Rica) y zona sur (Coatzacoalcos).<\/p>\n\n\n\n<p>&#8220;Quiero lograr otro objetivo que me lo quiero poner en meta, hacer un fondo revolvente, para que cuando se necesite, ayudar a los verdaderos compa\u00f1eros que tengan una verdadera situaci\u00f3n, ayudarlos. En verdad venimos con todas las ganas, queremos trabajar para ustedes y vamos a estar a sus \u00f3rdenes&#8221;, mencion\u00f3 S\u00e1nchez Abreu.<\/p>\n\n\n\n<p>El nuevo presidente de la AMECOPE Veracruz se\u00f1al\u00f3 que, una de las prioridades durante su gesti\u00f3n ser\u00e1 conseguir los servicios de salud para los periodistas de la entidad veracruzana, as\u00ed como certificaciones de las diversas actividades se realizan.<\/p>\n","protected":false},"excerpt":{"rendered":"<p>Alejandro \u00c1vila Xalapa, Ver.- Este s\u00e1bado 1 de octubre se tom\u00f3 protesta en conocido hotel de la capital de estado, al presidente de la Asociaci\u00f3n Mexicana de Comunicadores y Periodistas (AMECOPE) en Veracruz, Juan de Dios S\u00e1nchez Abreu. En dicho evento tambi\u00e9n se dieron los nombramientos a los delegados en diversas zonas de la entidad [&hellip;]<\/p>\n","protected":false},"author":1,"featured_media":32210,"comment_status":"open","ping_status":"open","sticky":false,"template":"","format":"standard","meta":{"_jetpack_memberships_contains_paid_content":false,"footnotes":""},"categories":[2],"tags":[],"class_list":["post-32209","post","type-post","status-publish","format-standard","has-post-thumbnail","hentry","category-estado"],"jetpack_featured_media_url":"https:\/\/encuentroinformativo.com.mx\/wp-content\/uploads\/2022\/10\/D1B95423-9504-4FC6-872F-3AD764D45685.jpeg","jetpack_sharing_enabled":true,"jetpack_likes_enabled":true,"amp_enabled":true,"_links":{"self":[{"href":"https:\/\/encuentroinformativo.com.mx\/index.php?rest_route=\/wp\/v2\/posts\/32209","targetHints":{"allow":["GET"]}}],"collection":[{"href":"https:\/\/encuentroinformativo.com.mx\/index.php?rest_route=\/wp\/v2\/posts"}],"about":[{"href":"https:\/\/encuentroinformativo.com.mx\/index.php?rest_route=\/wp\/v2\/types\/post"}],"author":[{"embeddable":true,"href":"https:\/\/encuentroinformativo.com.mx\/index.php?rest_route=\/wp\/v2\/users\/1"}],"replies":[{"embeddable":true,"href":"https:\/\/encuentroinformativo.com.mx\/index.php?rest_route=%2Fwp%2Fv2%2Fcomments&post=32209"}],"version-history":[{"count":1,"href":"https:\/\/encuentroinformativo.com.mx\/index.php?rest_route=\/wp\/v2\/posts\/32209\/revisions"}],"predecessor-version":[{"id":32211,"href":"https:\/\/encuentroinformativo.com.mx\/index.php?rest_route=\/wp\/v2\/posts\/32209\/revisions\/32211"}],"wp:featuredmedia":[{"embeddable":true,"href":"https:\/\/encuentroinformativo.com.mx\/index.php?rest_route=\/wp\/v2\/media\/32210"}],"wp:attachment":[{"href":"https:\/\/encuentroinformativo.com.mx\/index.php?rest_route=%2Fwp%2Fv2%2Fmedia&parent=32209"}],"wp:term":[{"taxonomy":"category","embeddable":true,"href":"https:\/\/encuentroinformativo.com.mx\/index.php?rest_route=%2Fwp%2Fv2%2Fcategories&post=32209"},{"taxonomy":"post_tag","embeddable":true,"href":"https:\/\/encuentroinformativo.com.mx\/index.php?rest_route=%2Fwp%2Fv2%2Ftags&post=32209"}],"curies":[{"name":"wp","href":"https:\/\/api.w.org\/{rel}","templated":true}]}}