{"id":32212,"date":"2022-10-01T20:38:02","date_gmt":"2022-10-02T01:38:02","guid":{"rendered":"https:\/\/encuentroinformativo.com.mx\/?p=32212"},"modified":"2022-10-01T20:38:07","modified_gmt":"2022-10-02T01:38:07","slug":"reconoce-alcalde-jm-unanue-a-los-arquitectos-en-su-dia","status":"publish","type":"post","link":"https:\/\/encuentroinformativo.com.mx\/?p=32212","title":{"rendered":"Reconoce Alcalde JM Un\u00e1nue a los arquitectos en su d\u00eda"},"content":{"rendered":"\n<p><strong>*<em>Hizo entrega de reconocimientos a arquitectos y arquitectas de la zona conurbada<\/em>.<\/strong><\/p>\n\n\n\n<p><strong>*<em>Colegios de arquitectos y valuadores reconocen el trabajo del alcalde y cuerpo edilicio<\/em>.<\/strong><\/p>\n\n\n\n<p>Boca del R\u00edo, Ver.- En el marco del D\u00eda del Arquitecto en nuestro pa\u00eds, el alcalde Juan Manuel de Un\u00e1nue Abascal reconoci\u00f3 a los profesionales de la arquitectura por su labor y aporte a la sociedad.<\/p>\n\n\n\n<p>En un desayuno festivo por estos profesionales, extendi\u00f3 sus felicitaciones a todos aquellos arquitectos y arquitectas de la zona conurbada, pero tambi\u00e9n agradeci\u00f3 la importante intervenci\u00f3n de los mismos para ayudar a desarrollar una urbe como lo es hoy la ciudad de Boca del R\u00edo.<\/p>\n\n\n\n<p>\u201cPor el esfuerzo de gran parte de las y los arquitectos, hoy tenemos una ciudad con las caracter\u00edsticas que tiene el municipio de Boca del R\u00edo\u201d, expres\u00f3 la m\u00e1xima autoridad del municipio boque\u00f1o.<\/p>\n\n\n\n<p>El mun\u00edcipe fue precedido por Pedro Antonio Alba Casis; Presidente del Consejo Directivo del Colegio de Arquitectos del Puerto de Veracruz A.C., y despu\u00e9s de su intervenci\u00f3n, De Un\u00e1nue Abascal procedi\u00f3 a la entrega de 30 reconocimientos para arquitectas y arquitectos de gran trayectoria.<\/p>\n\n\n\n<p>\u201cLos arquitectos han sido clave para que hoy Boca del R\u00edo sea la ciudad m\u00e1s moderna y con la mejor infraestructura de Veracruz\u201d, destac\u00f3 el Alcalde.<\/p>\n\n\n\n<p>Juan Manuel de Un\u00e1nue record\u00f3 que este a\u00f1o se hace un esfuerzo en cuanto a la ejecuci\u00f3n de obra p\u00fablica, que la desaparici\u00f3n de fondos y la reducci\u00f3n de ramos federales no ha detenido la intenci\u00f3n de mejorar la ciudad. Asimismo mencion\u00f3 que se destina 40% del presupuesto del plan de obra p\u00fablica para la zona tur\u00edstica y el 60% para colonias populares.<\/p>\n\n\n\n<p>Por \u00faltimo los colegios de arquitectos y valuadores que estuvieron presentes entregaron un reconocimiento al alcalde por su importante labor en lo que va de su administraci\u00f3n, tambi\u00e9n recibieron dicho reconocimiento la S\u00edndica \u00danica, arquitecta Susana Tiburcio Galicia y el director de Planeaci\u00f3n Urbana y Obras P\u00fablicas, Jos\u00e9 Humberto D\u00edaz Ortiz.<\/p>\n","protected":false},"excerpt":{"rendered":"<p>*Hizo entrega de reconocimientos a arquitectos y arquitectas de la zona conurbada. *Colegios de arquitectos y valuadores reconocen el trabajo del alcalde y cuerpo edilicio. Boca del R\u00edo, Ver.- En el marco del D\u00eda del Arquitecto en nuestro pa\u00eds, el alcalde Juan Manuel de Un\u00e1nue Abascal reconoci\u00f3 a los profesionales de la arquitectura por su [&hellip;]<\/p>\n","protected":false},"author":1,"featured_media":32213,"comment_status":"open","ping_status":"open","sticky":false,"template":"","format":"standard","meta":{"_jetpack_memberships_contains_paid_content":false,"footnotes":""},"categories":[2],"tags":[],"class_list":["post-32212","post","type-post","status-publish","format-standard","has-post-thumbnail","hentry","category-estado"],"jetpack_featured_media_url":"https:\/\/encuentroinformativo.com.mx\/wp-content\/uploads\/2022\/10\/EC489367-CF7E-40C6-B352-FC1E1CB57C40.jpeg","jetpack_sharing_enabled":true,"jetpack_likes_enabled":true,"amp_enabled":true,"_links":{"self":[{"href":"https:\/\/encuentroinformativo.com.mx\/index.php?rest_route=\/wp\/v2\/posts\/32212","targetHints":{"allow":["GET"]}}],"collection":[{"href":"https:\/\/encuentroinformativo.com.mx\/index.php?rest_route=\/wp\/v2\/posts"}],"about":[{"href":"https:\/\/encuentroinformativo.com.mx\/index.php?rest_route=\/wp\/v2\/types\/post"}],"author":[{"embeddable":true,"href":"https:\/\/encuentroinformativo.com.mx\/index.php?rest_route=\/wp\/v2\/users\/1"}],"replies":[{"embeddable":true,"href":"https:\/\/encuentroinformativo.com.mx\/index.php?rest_route=%2Fwp%2Fv2%2Fcomments&post=32212"}],"version-history":[{"count":1,"href":"https:\/\/encuentroinformativo.com.mx\/index.php?rest_route=\/wp\/v2\/posts\/32212\/revisions"}],"predecessor-version":[{"id":32214,"href":"https:\/\/encuentroinformativo.com.mx\/index.php?rest_route=\/wp\/v2\/posts\/32212\/revisions\/32214"}],"wp:featuredmedia":[{"embeddable":true,"href":"https:\/\/encuentroinformativo.com.mx\/index.php?rest_route=\/wp\/v2\/media\/32213"}],"wp:attachment":[{"href":"https:\/\/encuentroinformativo.com.mx\/index.php?rest_route=%2Fwp%2Fv2%2Fmedia&parent=32212"}],"wp:term":[{"taxonomy":"category","embeddable":true,"href":"https:\/\/encuentroinformativo.com.mx\/index.php?rest_route=%2Fwp%2Fv2%2Fcategories&post=32212"},{"taxonomy":"post_tag","embeddable":true,"href":"https:\/\/encuentroinformativo.com.mx\/index.php?rest_route=%2Fwp%2Fv2%2Ftags&post=32212"}],"curies":[{"name":"wp","href":"https:\/\/api.w.org\/{rel}","templated":true}]}}