{"id":32224,"date":"2022-10-02T15:30:30","date_gmt":"2022-10-02T20:30:30","guid":{"rendered":"https:\/\/encuentroinformativo.com.mx\/?p=32224"},"modified":"2022-10-02T15:30:33","modified_gmt":"2022-10-02T20:30:33","slug":"repuntan-robos-en-zona-centro-de-coatepec","status":"publish","type":"post","link":"https:\/\/encuentroinformativo.com.mx\/?p=32224","title":{"rendered":"Repuntan robos en zona centro de Coatepec"},"content":{"rendered":"\n<p><strong>Juan Arcos<\/strong><\/p>\n\n\n\n<p>Coatepec, Ver.- En la zona centro de Coatepec han repuntado los robos a negocios de manera significativa, situaci\u00f3n que ha alarmado a comerciantes, empresarios y vecinos.<\/p>\n\n\n\n<p>Durante este fin de semana se report\u00f3 un atraco en un establecimiento de pinturas, donde un sujeto fue captado en c\u00e1maras de videovigilancia, luego de forzar las cerraduras para ingresar.<\/p>\n\n\n\n<p>El ladr\u00f3n us\u00f3 un gorro que le cubr\u00eda parte del rostro para evitar ser identificado. Logr\u00f3 llevarse dinero en efectivo, herramientas y hasta una bocina.<\/p>\n\n\n\n<p>Tras estos hechos, los comerciantes est\u00e1n alert\u00e1ndose para reforzar las medidas de seguridad en sus establecimientos y as\u00ed evitar m\u00e1s robos.<\/p>\n\n\n\n<p>La gente ha detectado a un grupo de j\u00f3venes que se dedica a cometer dicho delito en el Pueblo M\u00e1gico, cercano a la ciudad de Xalapa.<\/p>\n\n\n\n<p>Otros robos se registraron el pasado 14 de septiembre, situaci\u00f3n que tambi\u00e9n fue captada en c\u00e1maras de videovigilancia sobre la calle Constituci\u00f3n, la principal del pueblo.<\/p>\n\n\n\n<p>En las im\u00e1genes se observa a un \u201cratero\u201d que se lleva la protecci\u00f3n de la puerta de una tienda de celulares.<\/p>\n\n\n\n<p>Sin embargo, tambi\u00e9n una barber\u00eda fue saqueada a dos cuadras del parque \u201cMiguel Hidalgo\u201d y del Palacio Municipal.<\/p>\n","protected":false},"excerpt":{"rendered":"<p>Juan Arcos Coatepec, Ver.- En la zona centro de Coatepec han repuntado los robos a negocios de manera significativa, situaci\u00f3n que ha alarmado a comerciantes, empresarios y vecinos. Durante este fin de semana se report\u00f3 un atraco en un establecimiento de pinturas, donde un sujeto fue captado en c\u00e1maras de videovigilancia, luego de forzar las [&hellip;]<\/p>\n","protected":false},"author":1,"featured_media":32225,"comment_status":"open","ping_status":"open","sticky":false,"template":"","format":"standard","meta":{"_jetpack_memberships_contains_paid_content":false,"footnotes":""},"categories":[8],"tags":[],"class_list":["post-32224","post","type-post","status-publish","format-standard","has-post-thumbnail","hentry","category-region"],"jetpack_featured_media_url":"https:\/\/encuentroinformativo.com.mx\/wp-content\/uploads\/2022\/10\/77ADBCB8-2FC0-481D-ABCF-B5943F1726EE.jpeg","jetpack_sharing_enabled":true,"jetpack_likes_enabled":true,"amp_enabled":true,"_links":{"self":[{"href":"https:\/\/encuentroinformativo.com.mx\/index.php?rest_route=\/wp\/v2\/posts\/32224","targetHints":{"allow":["GET"]}}],"collection":[{"href":"https:\/\/encuentroinformativo.com.mx\/index.php?rest_route=\/wp\/v2\/posts"}],"about":[{"href":"https:\/\/encuentroinformativo.com.mx\/index.php?rest_route=\/wp\/v2\/types\/post"}],"author":[{"embeddable":true,"href":"https:\/\/encuentroinformativo.com.mx\/index.php?rest_route=\/wp\/v2\/users\/1"}],"replies":[{"embeddable":true,"href":"https:\/\/encuentroinformativo.com.mx\/index.php?rest_route=%2Fwp%2Fv2%2Fcomments&post=32224"}],"version-history":[{"count":1,"href":"https:\/\/encuentroinformativo.com.mx\/index.php?rest_route=\/wp\/v2\/posts\/32224\/revisions"}],"predecessor-version":[{"id":32226,"href":"https:\/\/encuentroinformativo.com.mx\/index.php?rest_route=\/wp\/v2\/posts\/32224\/revisions\/32226"}],"wp:featuredmedia":[{"embeddable":true,"href":"https:\/\/encuentroinformativo.com.mx\/index.php?rest_route=\/wp\/v2\/media\/32225"}],"wp:attachment":[{"href":"https:\/\/encuentroinformativo.com.mx\/index.php?rest_route=%2Fwp%2Fv2%2Fmedia&parent=32224"}],"wp:term":[{"taxonomy":"category","embeddable":true,"href":"https:\/\/encuentroinformativo.com.mx\/index.php?rest_route=%2Fwp%2Fv2%2Fcategories&post=32224"},{"taxonomy":"post_tag","embeddable":true,"href":"https:\/\/encuentroinformativo.com.mx\/index.php?rest_route=%2Fwp%2Fv2%2Ftags&post=32224"}],"curies":[{"name":"wp","href":"https:\/\/api.w.org\/{rel}","templated":true}]}}