{"id":32230,"date":"2022-10-03T09:23:44","date_gmt":"2022-10-03T14:23:44","guid":{"rendered":"https:\/\/encuentroinformativo.com.mx\/?p=32230"},"modified":"2022-10-03T09:23:48","modified_gmt":"2022-10-03T14:23:48","slug":"3-de-3-de-maribel","status":"publish","type":"post","link":"https:\/\/encuentroinformativo.com.mx\/?p=32230","title":{"rendered":"3 DE 3 DE MARIBEL"},"content":{"rendered":"\n<p><strong>N\u00fameros Rojos\u00a0<\/strong><\/p>\n\n\n\n<p><strong>Brenda Caballero<\/strong><\/p>\n\n\n\n<p>\u201c\u00bfA cu\u00e1ntas mujeres m\u00e1s habr\u00e1 acosado el director?\u201d, \u201cAhora trabaja en el Ayuntamiento, tiene un sueldazo, pero no le pasa pensi\u00f3n a sus hijos\u201d, \u201cViolent\u00f3 y golpe\u00f3 a varias de sus parejas y ahora hasta Alcalde es\u201d, \u201c\u00bfC\u00f3mo es posible que quiera ser candidato, si es un violentador pol\u00edtico?\u201d<\/p>\n\n\n\n<p>Estas son algunas de las preguntas y afirmaciones que seguramente usted como yo escucha todos los d\u00edas en el espacio p\u00fablico y privado. Pero \u00bfSe est\u00e1 haciendo algo al respecto?<\/p>\n\n\n\n<p>\u201cEs un problema real\u201d, dice la diputada Maribel Ram\u00edrez Topete, quien el pasado jueves present\u00f3 ante la Legislatura de Veracruz, la iniciativa 3 de 3 contra la Violencia hacia Las Mujeres.<\/p>\n\n\n\n<p>\u00bfEn qu\u00e9 consiste?&nbsp;<\/p>\n\n\n\n<p>Maribel explica que retoma la propuesta ciudadana impulsada a nivel nacional por Las Constituyentes Feministas (organizaci\u00f3n pol\u00edtica de izquierda que trabaja por el reconocimiento de los derechos humanos de las Mujeres) que en el 2020 present\u00f3 ante el INE un mecanismo para que tanto hombres como mujeres que aspiraran a un puesto de elecci\u00f3n popular, no hayan sido&nbsp; condenados o sancionados mediante resoluci\u00f3n judicial firme, por cualquier tipo y modalidad de violencia en raz\u00f3n de g\u00e9nero, por delitos sexuales como la libertad sexual o la intimidad corporal, y que atente contra las obligaciones alimentarias, adem\u00e1s de que no se encuentre vigente en alg\u00fan padr\u00f3n de deudores alimentarios.<\/p>\n\n\n\n<p>Ahora, la diputada busca que en Veracruz se eleve a rango constitucional la iniciativa&nbsp; para proteger los derechos de las veracruzanas, pero se incorpora un aspecto relevante: \u201cQue se aplique tambi\u00e9n a servidores p\u00fablicos\u201d.<\/p>\n\n\n\n<p>Explica que los servidores p\u00fablicos en el Estado, en sus Municipios, de cualquier organismo, dependencia o ente p\u00fablico, tambi\u00e9n deber\u00e1n cumplir con la 3 de 3 Contra la Violencia.<\/p>\n\n\n\n<p>\u201cEl servidor p\u00fablico debe tener un modo honesto de vivir\u201d, dice Maribel, pues en algunos casos se ha perdido,&nbsp; adem\u00e1s de que insiste que a los espacios p\u00fablicos no deben llegar los violentadores.<\/p>\n\n\n\n<p>Aclara que la iniciativa aplicar\u00e1 tanto para hombres como para mujeres, ya que tambi\u00e9n hay violentadoras, y de lo que se trata es de erradicar la violencia con perspectiva de g\u00e9nero.<\/p>\n\n\n\n<p>\u00bfC\u00f3mo se piensa hacer todo eso?<\/p>\n\n\n\n<p>Transparentando la violencia, me dice. \u201cEs necesario poner nombre y apellido a los violentadores&nbsp; y deudores alimentarios con un padr\u00f3n que integre los registros estatales p\u00fablicos de agresores sexuales y deudores alimentarios\u201d.&nbsp;<\/p>\n\n\n\n<p>Comenta que ser\u00eda a trav\u00e9s del Instituto Veracruzano de las Mujeres donde actualizar\u00eda e integrar\u00eda el Banco Estatal de Datos e informaci\u00f3n sobre casos de violencia contra las mujeres.<\/p>\n\n\n\n<p>\u201cNadie va a querer estar all\u00ed\u201d, afirma, pero es necesario darles justicia a las v\u00edctimas.&nbsp;<\/p>\n\n\n\n<p>\u00bfY qu\u00e9 pasar\u00e1 con los que aparezcan en el padr\u00f3n? Pregunto.<\/p>\n\n\n\n<p>En el caso de los violentadores pol\u00edticos no podr\u00e1n participar en el proceso electoral m\u00e1s cercano; en el caso de los acosadores sexuales se tendr\u00e1 que dar seguimiento a cada caso en particular. Y con respecto a la de los deudores alimentarios, cuando cumplan con esa obligaci\u00f3n, los eliminar\u00e1n de la lista.<\/p>\n\n\n\n<p>Maribel festej\u00f3 que los hombres hayan alzado m\u00e1s r\u00e1pido la mano ante su iniciativa, pues se empieza a hacer conciencia, esa conciencia que debe irse inculcando desde la ni\u00f1ez, para protegerla desde los propios hogares, legislando hacia adentro.&nbsp;<\/p>\n\n\n\n<p>Celebr\u00f3 tambi\u00e9n que la bancada de Morena se haya adherido a su iniciativa, pues al ser la mayoritaria espera que la 3 de 3 contra la Violencia hacia las Mujeres sea pr\u00f3ximamente ley. \u201cViene los procesos electorales, esperemos sea ya considerada para el del 2024, pues la iniciativa busca impulsar la participaci\u00f3n pol\u00edtica de las mujeres de acuerdo con la Agenda 2030\u201d.<\/p>\n\n\n\n<p>Actualmente la iniciativa se encuentra en la Comisi\u00f3n de Puntos Constitucionales, aunque ella espera se pueda engrosar con el Parlamento Abierto que se celebrar\u00e1 en noviembre, teniendo como invitada, la activista Yndira Sandoval S\u00e1nchez. Hace tambi\u00e9n una invitaci\u00f3n a la ciudadan\u00eda para que participe y no sea omisa pues est\u00e1 en todas y todos garantizar una vida libre de violencia.<\/p>\n\n\n\n<p>\u201cEn una verdadera democracia, no basta con ser un funcionario eficiente, si se es acosador sexual, no basta ser un servidor p\u00fablico destacado, si se es agresor por razones de g\u00e9nero; no basta ser un legislador, un juez, un alcalde o un magistrado honrado y sin v\u00ednculos de corrupci\u00f3n, si se es deudor de pensi\u00f3n alimenticia\u201d.<\/p>\n\n\n\n<p>Twiter: @NumerosRojos_BC<\/p>\n\n\n\n<p><a href=\"mailto:caballero_brenda@hotmail.com\" target=\"_blank\" rel=\"noreferrer noopener\">caballero_brenda@hotmail.com<\/a><\/p>\n","protected":false},"excerpt":{"rendered":"<p>N\u00fameros Rojos\u00a0 Brenda Caballero \u201c\u00bfA cu\u00e1ntas mujeres m\u00e1s habr\u00e1 acosado el director?\u201d, \u201cAhora trabaja en el Ayuntamiento, tiene un sueldazo, pero no le pasa pensi\u00f3n a sus hijos\u201d, \u201cViolent\u00f3 y golpe\u00f3 a varias de sus parejas y ahora hasta Alcalde es\u201d, \u201c\u00bfC\u00f3mo es posible que quiera ser candidato, si es un violentador pol\u00edtico?\u201d Estas son [&hellip;]<\/p>\n","protected":false},"author":1,"featured_media":387,"comment_status":"open","ping_status":"open","sticky":false,"template":"","format":"standard","meta":{"_jetpack_memberships_contains_paid_content":false,"footnotes":""},"categories":[11],"tags":[],"class_list":["post-32230","post","type-post","status-publish","format-standard","has-post-thumbnail","hentry","category-opinion"],"jetpack_featured_media_url":"https:\/\/encuentroinformativo.com.mx\/wp-content\/uploads\/2020\/03\/7CF8A22B-2764-47BE-8F7F-38FE9E5D6A2F.jpeg","jetpack_sharing_enabled":true,"jetpack_likes_enabled":true,"amp_enabled":true,"_links":{"self":[{"href":"https:\/\/encuentroinformativo.com.mx\/index.php?rest_route=\/wp\/v2\/posts\/32230","targetHints":{"allow":["GET"]}}],"collection":[{"href":"https:\/\/encuentroinformativo.com.mx\/index.php?rest_route=\/wp\/v2\/posts"}],"about":[{"href":"https:\/\/encuentroinformativo.com.mx\/index.php?rest_route=\/wp\/v2\/types\/post"}],"author":[{"embeddable":true,"href":"https:\/\/encuentroinformativo.com.mx\/index.php?rest_route=\/wp\/v2\/users\/1"}],"replies":[{"embeddable":true,"href":"https:\/\/encuentroinformativo.com.mx\/index.php?rest_route=%2Fwp%2Fv2%2Fcomments&post=32230"}],"version-history":[{"count":1,"href":"https:\/\/encuentroinformativo.com.mx\/index.php?rest_route=\/wp\/v2\/posts\/32230\/revisions"}],"predecessor-version":[{"id":32231,"href":"https:\/\/encuentroinformativo.com.mx\/index.php?rest_route=\/wp\/v2\/posts\/32230\/revisions\/32231"}],"wp:featuredmedia":[{"embeddable":true,"href":"https:\/\/encuentroinformativo.com.mx\/index.php?rest_route=\/wp\/v2\/media\/387"}],"wp:attachment":[{"href":"https:\/\/encuentroinformativo.com.mx\/index.php?rest_route=%2Fwp%2Fv2%2Fmedia&parent=32230"}],"wp:term":[{"taxonomy":"category","embeddable":true,"href":"https:\/\/encuentroinformativo.com.mx\/index.php?rest_route=%2Fwp%2Fv2%2Fcategories&post=32230"},{"taxonomy":"post_tag","embeddable":true,"href":"https:\/\/encuentroinformativo.com.mx\/index.php?rest_route=%2Fwp%2Fv2%2Ftags&post=32230"}],"curies":[{"name":"wp","href":"https:\/\/api.w.org\/{rel}","templated":true}]}}