{"id":32235,"date":"2022-10-03T11:52:33","date_gmt":"2022-10-03T16:52:33","guid":{"rendered":"https:\/\/encuentroinformativo.com.mx\/?p=32235"},"modified":"2022-10-03T11:52:39","modified_gmt":"2022-10-03T16:52:39","slug":"expondran-piedra-de-magdala-en-perote","status":"publish","type":"post","link":"https:\/\/encuentroinformativo.com.mx\/?p=32235","title":{"rendered":"Expondr\u00e1n piedra de Magdala en Perote"},"content":{"rendered":"\n<p><strong>Dar\u00edo Pale<\/strong><\/p>\n\n\n\n<p>Xalapa, Ver.- Invitan a la ciudadan\u00eda para que asista a la Exposici\u00f3n de Tierra Santa, Del Mar Muerto a Magdala, la cual se llevar\u00e1 a cabo del 15 al 30 de octubre en el centro cultural de Perote, as\u00ed lo inform\u00f3 el presidente municipal Delfino Ortega Mart\u00ednez.<\/p>\n\n\n\n<p>En conferencia de prensa el presidente municipal indic\u00f3 que se apostar\u00e1 por un turismo hist\u00f3rico cultural, \u201cen nuestra administraci\u00f3n uno de los grandes proyectos es detonar el turismo, ya que existe una diversidad de recursos tur\u00edsticos, cultural, arqueol\u00f3gico, gastron\u00f3mico y natural&#8221;.<\/p>\n\n\n\n<p>Dio a conocer que se capacita a los prestadores de servicios tur\u00edsticos para ofrecer a los visitantes un servicio de calidad y calidez, de igual forma previ\u00f3 una gran derrama econ\u00f3mica y gran afluencia de visitantes.<\/p>\n\n\n\n<p>La regidora quinta del Ayuntamiento, Ivana Robledo indic\u00f3 que el turismo hist\u00f3rico cultural, vinculado con el tema religioso, les permite ofrecer un viaje a trav\u00e9s del tiempo y de la historia.<\/p>\n\n\n\n<p>&#8220;Bien orientado, ese turismo atrae a diferentes sectores como investigadores, arquitectos, creyentes, incluso, hasta curiosos, que puedan deleitarse con la hospitalidad y las atenciones que solamente los perote\u00f1os sabemos dar&#8221;.<\/p>\n\n\n\n<p>Por su parte, el director de Turismo Municipal, Emmanuel Gonz\u00e1lez Merino, indic\u00f3 que por primera vez, Perote es la sede de Israel, a nivel nacional.<\/p>\n\n\n\n<p>&#8220;Con el apoyo del alcalde se lleva a cabo esta exposici\u00f3n, la cual involucra la embajada de Israel, el Magdala Center y el Museo de Israel, y donan a M\u00e9xico el facs\u00edmil del Rollo de Isa\u00edas, un pergamino de ocho metros de largo, el cual contiene informaci\u00f3n del juda\u00edsmo antiguo, con mezclas en arameo y tiene extractos del Antiguo Testamento&#8221;, se\u00f1al\u00f3.<\/p>\n\n\n\n<p>Tambi\u00e9n destac\u00f3 que se trae la muestra del facs\u00edmil de Magdala, que se ubic\u00f3 en la sinagoga de Magdala, al norte de Israel, en la regi\u00f3n de Galilea, que de acuerdo con la tradici\u00f3n cristiana es el lugar de nacimiento de Mar\u00eda Magdalena.<\/p>\n\n\n\n<p>Finalmente el funcionario se\u00f1al\u00f3 que se espera una afluencia tur\u00edstica de 7 mil personas, sobre todo, del sector religioso, adem\u00e1s de que los eventos ser\u00e1n gratuitos.<\/p>\n","protected":false},"excerpt":{"rendered":"<p>Dar\u00edo Pale Xalapa, Ver.- Invitan a la ciudadan\u00eda para que asista a la Exposici\u00f3n de Tierra Santa, Del Mar Muerto a Magdala, la cual se llevar\u00e1 a cabo del 15 al 30 de octubre en el centro cultural de Perote, as\u00ed lo inform\u00f3 el presidente municipal Delfino Ortega Mart\u00ednez. En conferencia de prensa el presidente [&hellip;]<\/p>\n","protected":false},"author":1,"featured_media":32236,"comment_status":"open","ping_status":"open","sticky":false,"template":"","format":"standard","meta":{"_jetpack_memberships_contains_paid_content":false,"footnotes":""},"categories":[8],"tags":[],"class_list":["post-32235","post","type-post","status-publish","format-standard","has-post-thumbnail","hentry","category-region"],"jetpack_featured_media_url":"https:\/\/encuentroinformativo.com.mx\/wp-content\/uploads\/2022\/10\/2FF02904-5E68-45BB-8DFB-A17D370B9F1B.jpeg","jetpack_sharing_enabled":true,"jetpack_likes_enabled":true,"amp_enabled":true,"_links":{"self":[{"href":"https:\/\/encuentroinformativo.com.mx\/index.php?rest_route=\/wp\/v2\/posts\/32235","targetHints":{"allow":["GET"]}}],"collection":[{"href":"https:\/\/encuentroinformativo.com.mx\/index.php?rest_route=\/wp\/v2\/posts"}],"about":[{"href":"https:\/\/encuentroinformativo.com.mx\/index.php?rest_route=\/wp\/v2\/types\/post"}],"author":[{"embeddable":true,"href":"https:\/\/encuentroinformativo.com.mx\/index.php?rest_route=\/wp\/v2\/users\/1"}],"replies":[{"embeddable":true,"href":"https:\/\/encuentroinformativo.com.mx\/index.php?rest_route=%2Fwp%2Fv2%2Fcomments&post=32235"}],"version-history":[{"count":1,"href":"https:\/\/encuentroinformativo.com.mx\/index.php?rest_route=\/wp\/v2\/posts\/32235\/revisions"}],"predecessor-version":[{"id":32237,"href":"https:\/\/encuentroinformativo.com.mx\/index.php?rest_route=\/wp\/v2\/posts\/32235\/revisions\/32237"}],"wp:featuredmedia":[{"embeddable":true,"href":"https:\/\/encuentroinformativo.com.mx\/index.php?rest_route=\/wp\/v2\/media\/32236"}],"wp:attachment":[{"href":"https:\/\/encuentroinformativo.com.mx\/index.php?rest_route=%2Fwp%2Fv2%2Fmedia&parent=32235"}],"wp:term":[{"taxonomy":"category","embeddable":true,"href":"https:\/\/encuentroinformativo.com.mx\/index.php?rest_route=%2Fwp%2Fv2%2Fcategories&post=32235"},{"taxonomy":"post_tag","embeddable":true,"href":"https:\/\/encuentroinformativo.com.mx\/index.php?rest_route=%2Fwp%2Fv2%2Ftags&post=32235"}],"curies":[{"name":"wp","href":"https:\/\/api.w.org\/{rel}","templated":true}]}}