{"id":32247,"date":"2022-10-03T13:43:12","date_gmt":"2022-10-03T18:43:12","guid":{"rendered":"https:\/\/encuentroinformativo.com.mx\/?p=32247"},"modified":"2022-10-03T13:43:16","modified_gmt":"2022-10-03T18:43:16","slug":"activista-acusa-a-alcaldesa-de-sayula-de-aleman-de-presunto-robo","status":"publish","type":"post","link":"https:\/\/encuentroinformativo.com.mx\/?p=32247","title":{"rendered":"Activista acusa a alcaldesa de Sayula de Alem\u00e1n de presunto robo"},"content":{"rendered":"\n<p><strong>Alejandro \u00c1vila<\/strong><\/p>\n\n\n\n<p>Veracruz, Ver.- La activista Diana Karen Manjarez Almada, denuncio que la alcaldesa de Sayula de Alem\u00e1n, Lorena S\u00e1nchez Vargas, nunca tuvo a su hijo secuestrado; adem\u00e1s la acus\u00f3 de haberle robado 800 mil pesos.<\/p>\n\n\n\n<p>La abogada dio una rueda de prensa este lunes por la ma\u00f1ana en el puerto de Veracruz; d\u00f3nde seguro haber testificado ante la Fiscal\u00eda General de la Rep\u00fablica (FGR), para confirmar qu\u00e9 el menor nunca estuvo secuestrado.<\/p>\n\n\n\n<p>La activista dio a conocer que, a principios de agosto, la alcaldesa la contact\u00f3 para pedir protecci\u00f3n y acompa\u00f1amiento por amenazas por parte de un grupo delictivo, por lo cual fue resguardada y asesorada para interponer las denuncias.&nbsp;<\/p>\n\n\n\n<p>Durante ese lapso, Diana Manjarez dio resguardo en la Ciudad de M\u00e9xico a la alcaldesa, d\u00f3nde dijo haber sido testigo de que la edil estaba en contacto a trav\u00e9s de video llamadas con su hijo, y que ella le confirm\u00f3 el peque\u00f1o se encontraba en resguardo con sus hermanos en Oaxaca.&nbsp;<\/p>\n\n\n\n<p>Como parte del acompa\u00f1amiento que se le dio, Lorena S\u00e1nchez fue resgurdada en su vivienda, de la cual rob\u00f3 800 mil pesos, por lo cual ya se interpuso una denuncia ante la Fiscalia de la Ciudad de M\u00e9xico.<\/p>\n","protected":false},"excerpt":{"rendered":"<p>Alejandro \u00c1vila Veracruz, Ver.- La activista Diana Karen Manjarez Almada, denuncio que la alcaldesa de Sayula de Alem\u00e1n, Lorena S\u00e1nchez Vargas, nunca tuvo a su hijo secuestrado; adem\u00e1s la acus\u00f3 de haberle robado 800 mil pesos. La abogada dio una rueda de prensa este lunes por la ma\u00f1ana en el puerto de Veracruz; d\u00f3nde seguro [&hellip;]<\/p>\n","protected":false},"author":1,"featured_media":32248,"comment_status":"open","ping_status":"open","sticky":false,"template":"","format":"standard","meta":{"_jetpack_memberships_contains_paid_content":false,"footnotes":""},"categories":[2],"tags":[],"class_list":["post-32247","post","type-post","status-publish","format-standard","has-post-thumbnail","hentry","category-estado"],"jetpack_featured_media_url":"https:\/\/encuentroinformativo.com.mx\/wp-content\/uploads\/2022\/10\/9BBC2E9D-FF36-40BB-A053-AC5DB9E0413F.jpeg","jetpack_sharing_enabled":true,"jetpack_likes_enabled":true,"amp_enabled":true,"_links":{"self":[{"href":"https:\/\/encuentroinformativo.com.mx\/index.php?rest_route=\/wp\/v2\/posts\/32247","targetHints":{"allow":["GET"]}}],"collection":[{"href":"https:\/\/encuentroinformativo.com.mx\/index.php?rest_route=\/wp\/v2\/posts"}],"about":[{"href":"https:\/\/encuentroinformativo.com.mx\/index.php?rest_route=\/wp\/v2\/types\/post"}],"author":[{"embeddable":true,"href":"https:\/\/encuentroinformativo.com.mx\/index.php?rest_route=\/wp\/v2\/users\/1"}],"replies":[{"embeddable":true,"href":"https:\/\/encuentroinformativo.com.mx\/index.php?rest_route=%2Fwp%2Fv2%2Fcomments&post=32247"}],"version-history":[{"count":1,"href":"https:\/\/encuentroinformativo.com.mx\/index.php?rest_route=\/wp\/v2\/posts\/32247\/revisions"}],"predecessor-version":[{"id":32249,"href":"https:\/\/encuentroinformativo.com.mx\/index.php?rest_route=\/wp\/v2\/posts\/32247\/revisions\/32249"}],"wp:featuredmedia":[{"embeddable":true,"href":"https:\/\/encuentroinformativo.com.mx\/index.php?rest_route=\/wp\/v2\/media\/32248"}],"wp:attachment":[{"href":"https:\/\/encuentroinformativo.com.mx\/index.php?rest_route=%2Fwp%2Fv2%2Fmedia&parent=32247"}],"wp:term":[{"taxonomy":"category","embeddable":true,"href":"https:\/\/encuentroinformativo.com.mx\/index.php?rest_route=%2Fwp%2Fv2%2Fcategories&post=32247"},{"taxonomy":"post_tag","embeddable":true,"href":"https:\/\/encuentroinformativo.com.mx\/index.php?rest_route=%2Fwp%2Fv2%2Ftags&post=32247"}],"curies":[{"name":"wp","href":"https:\/\/api.w.org\/{rel}","templated":true}]}}