{"id":32256,"date":"2022-10-03T16:46:11","date_gmt":"2022-10-03T21:46:11","guid":{"rendered":"https:\/\/encuentroinformativo.com.mx\/?p=32256"},"modified":"2022-10-03T16:46:15","modified_gmt":"2022-10-03T21:46:15","slug":"docentes-presentan-denuncia-contra-supervisora-acusan-irregularidades","status":"publish","type":"post","link":"https:\/\/encuentroinformativo.com.mx\/?p=32256","title":{"rendered":"Docentes presentan denuncia contra supervisora, acusan irregularidades"},"content":{"rendered":"\n<p><strong>Juan Arcos<\/strong><\/p>\n\n\n\n<p>Xalapa, Ver.- Docentes presentaron una denuncia a una supervisora de la Secretar\u00eda de Educaci\u00f3n de Veracruz (SEV) por presuntas anomal\u00edas en su contra y posibles actos de corrupci\u00f3n.<\/p>\n\n\n\n<p>Se trata de profesores y profesoras afiliados al Sindicato Independiente de Trabajadores de la Educaci\u00f3n de\u00a0 M\u00e9xico,(SITEM) Secci\u00f3n Veracruz, encabezados por el secretario general Ger\u00f3nimo Gabriel Polo Navarro.<\/p>\n\n\n\n<p>La denuncia fue presentada en la Fiscal\u00eda Especializada en Combate la Corrupci\u00f3n contra Dora Vizcarra L\u00f3pez, supervisora de la Zona 146 del sector 14, de primarias federalizadas de la SEV.<\/p>\n\n\n\n<p>Laura Rodr\u00edguez Brito, Mariel Rodr\u00edguez Escalante, Wendy M\u00e1laga Morales y Jes\u00fas Mauricio Fonseca Alonso se\u00f1alaron que dicha supervisora ha venido actuando en perjuicio de su patrimonio y estabilidad laboral al no respetar el centro de trabajo elegido por los afectados, tras haber obtenido una alta calificaci\u00f3n en el examen de oposici\u00f3n.<\/p>\n\n\n\n<p>\u201cMisma que nos otorga tan anhelado beneficio, el cual la supervisora no ha querido respetar argumentando que debemos respetar el escal\u00f3n para no perjudicar alos docente de\u00a0 mayor antig\u00fcedad&#8221;, expresaron.<\/p>\n\n\n\n<p>Indicaron que dicha medida va en perjuicio de su econ\u00f3mia familiar, de su seguridad f\u00edsica.<\/p>\n\n\n\n<p>Precisaron que el actuar de Vizcarra L\u00f3pez va en detrimento del buen trabajo que lleva a cabo el titular de la SEV, Zenyazen Escobar Garc\u00eda.<\/p>\n\n\n\n<p>\u201cAl ignorar totalmente el espacio ganado mediante un examen de oposici\u00f3n y al pr\u00e1cticar viejas artima\u00f1as sindicalistas al seguir utilizando el corrimiento de cadena interna y mandar a los docentes de nuevo ingreso a las escuelas m\u00e1s alejadas de la zona&#8221;, enfatizaron.<\/p>\n\n\n\n<p>De acuerdo con Wendy M\u00e1laga Morales, una de los afectados, han sido ubicados en centros de trabajo alejados, &#8220;lo que\u00a0 implica m\u00e1s gastos, m\u00e1s riesgos y un mayor desgaste emocional, ya que en mi caso estoy embarazada y el riesgo es mayor&#8221;.<\/p>\n\n\n\n<p>Subray\u00f3 que gracias a la buena calificaci\u00f3n obtenida en el examen\u00a0de oposici\u00f3n le permiti\u00f3 elegir la escuela primaria federal \u201cJorge Pasquel Casanueva\u201d, con clave 30 DPR1323F, misma que se ubica en la calle 26 colonia Murillo Vidal, municipio de Boca del R\u00edo y que pertenece a la zona 146 del sector 14.<\/p>\n\n\n\n<p>Sin embargo, debido a las \u00f3rdenes de Vizcarra L\u00f3pez, fue enviada a la escuela primaria\u00a0\u201cDavid Alfaro Siqueiros\u201d, con clave 30DPR5024I, ubicada en el ejido Mundo Nuevo de la localidad con el mismo nombre, del municipio de Cotaxtla, escuela donde actualmente labora, pero oficialmente no est\u00e1 asignada a dicho centro de trabajo, ya que en toda la documentaci\u00f3n oficial\u00a0se le ubica laborando en la escuela primaria federal \u201cJorge Pasquel\u201d.<\/p>\n\n\n\n<p>Por su parte, el docente Jes\u00fas Mauricio Fonseca Alonso, precis\u00f3 que gracias al buen porcentaje aprobatorio obtenido en el examen de oposici\u00f3n le\u00a0fue posible elegir la escuela \u201cJuan Maldonado Pereda\u201d, con clave 30DPR5212B perteneciente a la zona 146, ubicada en la ciudad de Veracruz, pero al presentarle\u00a0a la supervisora\u00a0el nombramiento 1800049540, ella no lo acept\u00f3.<\/p>\n\n\n\n<p>\u201cElla me pidi\u00f3 de favor que la apoyar\u00e1 cubriendo un grupo en la escuela de nueva creaci\u00f3n llamada Juan Nicol\u00e1s Callejas Arroyo, con clave 30DPR0123A argumentando que no ten\u00eda personal, petici\u00f3n a la cu\u00e1l de buena fe acced\u00ed, permaneciendo dos semanas y posteriormente me di\u00f3 la orden a presentarme a la escuela Ignacio Zaragoza, con clave 30DPR1689L ubicada en la localidad de Palmarillo, del municipio de Cotaxtla, Ver, argumentando Vizcarra Lop\u00e9z que todos los maestros de nuevo ingreso deben irse a la cola, para darles preferencia a los de mayor antig\u00fcedad\u201d, expres\u00f3.<\/p>\n\n\n\n<p>Fonseca Alonso subray\u00f3 que toda su documentaci\u00f3n oficial y en el sistema, lo ubica laborando en la escuela Juan \u201cMaldonado Pereda, pero f\u00edsicamente me labora en la escuela \u201cIgnacio Zaragoza&#8221;.<br>Los docentes precisaron que desde el a\u00f1o 2018 presentaron el examen de oposici\u00f3n se han enfrentado a dichas \u201ctrabas\u201d.<\/p>\n\n\n\n<p>\u201cY despu\u00e9s de un largo peregrinar no hemos visto beneficio alguno, beneficio logrado gracias a la buena calificaci\u00f3n obtenida en el ex\u00e1men de oposici\u00f3n&#8221;, comentaron.<\/p>\n\n\n\n<p>Los profesores hicieron un llamado al gobernador del estado, Cuitlahuac Garc\u00eda Jim\u00e9nez, y al titular de la SEV, Zenyasen Escobar Garc\u00eda, para que sea atendida dicha problem\u00e1tica.<\/p>\n\n\n\n<p>\u201cTenemos confianza en ellos sabemos que act\u00faan en congruencia por eso hacemos de su conocimiento tan grave anomal\u00eda&#8221;, indicaron.<\/p>\n\n\n\n<p>Se habla de m\u00e1s de 50 docentes afectados por el mismo problema, \u201ctodo porque, se dice, la supervisora cuentan con la total protecci\u00f3n de la secci\u00f3n 32 del SNTE. Al parecer Vizcarra Lop\u00e9z tambi\u00e9n es funcionaria educativa en el ayuntamiento de Boca del R\u00edo\u201d.<\/p>\n","protected":false},"excerpt":{"rendered":"<p>Juan Arcos Xalapa, Ver.- Docentes presentaron una denuncia a una supervisora de la Secretar\u00eda de Educaci\u00f3n de Veracruz (SEV) por presuntas anomal\u00edas en su contra y posibles actos de corrupci\u00f3n. Se trata de profesores y profesoras afiliados al Sindicato Independiente de Trabajadores de la Educaci\u00f3n de\u00a0 M\u00e9xico,(SITEM) Secci\u00f3n Veracruz, encabezados por el secretario general Ger\u00f3nimo [&hellip;]<\/p>\n","protected":false},"author":1,"featured_media":32257,"comment_status":"open","ping_status":"open","sticky":false,"template":"","format":"standard","meta":{"_jetpack_memberships_contains_paid_content":false,"footnotes":""},"categories":[2],"tags":[],"class_list":["post-32256","post","type-post","status-publish","format-standard","has-post-thumbnail","hentry","category-estado"],"jetpack_featured_media_url":"https:\/\/encuentroinformativo.com.mx\/wp-content\/uploads\/2022\/10\/B957E2FE-F026-4588-9533-06BF8ECAA92F.jpeg","jetpack_sharing_enabled":true,"jetpack_likes_enabled":true,"amp_enabled":true,"_links":{"self":[{"href":"https:\/\/encuentroinformativo.com.mx\/index.php?rest_route=\/wp\/v2\/posts\/32256","targetHints":{"allow":["GET"]}}],"collection":[{"href":"https:\/\/encuentroinformativo.com.mx\/index.php?rest_route=\/wp\/v2\/posts"}],"about":[{"href":"https:\/\/encuentroinformativo.com.mx\/index.php?rest_route=\/wp\/v2\/types\/post"}],"author":[{"embeddable":true,"href":"https:\/\/encuentroinformativo.com.mx\/index.php?rest_route=\/wp\/v2\/users\/1"}],"replies":[{"embeddable":true,"href":"https:\/\/encuentroinformativo.com.mx\/index.php?rest_route=%2Fwp%2Fv2%2Fcomments&post=32256"}],"version-history":[{"count":1,"href":"https:\/\/encuentroinformativo.com.mx\/index.php?rest_route=\/wp\/v2\/posts\/32256\/revisions"}],"predecessor-version":[{"id":32258,"href":"https:\/\/encuentroinformativo.com.mx\/index.php?rest_route=\/wp\/v2\/posts\/32256\/revisions\/32258"}],"wp:featuredmedia":[{"embeddable":true,"href":"https:\/\/encuentroinformativo.com.mx\/index.php?rest_route=\/wp\/v2\/media\/32257"}],"wp:attachment":[{"href":"https:\/\/encuentroinformativo.com.mx\/index.php?rest_route=%2Fwp%2Fv2%2Fmedia&parent=32256"}],"wp:term":[{"taxonomy":"category","embeddable":true,"href":"https:\/\/encuentroinformativo.com.mx\/index.php?rest_route=%2Fwp%2Fv2%2Fcategories&post=32256"},{"taxonomy":"post_tag","embeddable":true,"href":"https:\/\/encuentroinformativo.com.mx\/index.php?rest_route=%2Fwp%2Fv2%2Ftags&post=32256"}],"curies":[{"name":"wp","href":"https:\/\/api.w.org\/{rel}","templated":true}]}}