{"id":32271,"date":"2022-10-04T09:24:37","date_gmt":"2022-10-04T14:24:37","guid":{"rendered":"https:\/\/encuentroinformativo.com.mx\/?p=32271"},"modified":"2022-10-04T09:24:41","modified_gmt":"2022-10-04T14:24:41","slug":"el-primer-comandante","status":"publish","type":"post","link":"https:\/\/encuentroinformativo.com.mx\/?p=32271","title":{"rendered":"EL PRIMER COMANDANTE"},"content":{"rendered":"\n<p><strong>Los Pol\u00edticos<\/strong><\/p>\n\n\n\n<p><strong>Salvador Mu\u00f1oz<\/strong><\/p>\n\n\n\n<p>\u00bfCu\u00e1l es la imagen que guarda en estos momentos el Ej\u00e9rcito mexicano ante la percepci\u00f3n social?<\/p>\n\n\n\n<p>Si recordamos los recientes datos con relaci\u00f3n a Ayotzinapa, est\u00e1 dentro del rango de \u201casesino\u201d.<\/p>\n\n\n\n<p>Si recordamos los se\u00f1alamientos que hay en su contra por diversos sectores entre ellos los feministas, es \u201cEsp\u00eda\u201d.<\/p>\n\n\n\n<p>Si recordamos que fue v\u00edctima de Hackeo la que se supone es la Instituci\u00f3n m\u00e1s fuerte en el pa\u00eds despu\u00e9s del Presidente, califica como \u201cendeble\u201d&#8230;<\/p>\n\n\n\n<p>El hackeo por cierto, expuso a un Ej\u00e9rcito donde el abuso sexual y el miedo a denunciar es el infierno para las militares\u2026<\/p>\n\n\n\n<p>Y si rematamos (verbo inc\u00f3modo) con el \u201c2 de Octubre no se olvida\u201d de este pasado domingo donde por en\u00e9sima ocasi\u00f3n se recuerda el papel del Ej\u00e9rcito, pues como que queda mal parado.<\/p>\n\n\n\n<p>Hay m\u00e1s casos, como el video donde se ve a militares asfixiando a una mujer en lo que se supone era un caso de secuestradores; o la matanza en Tlatlaya; los ni\u00f1os de Ostula, Michoac\u00e1n; o en Puebla, el tiro de gracia a un presunto delincuente en Palmarito\u2026<\/p>\n\n\n\n<p>La imagen del Ej\u00e9rcito en las calles tiene un mal sabor para quienes les toc\u00f3 vivir ese octubre as\u00ed como para quienes han seguido paso a paso, en nuestros d\u00edas, el caso de los 43 de Ayotzinapa.<\/p>\n\n\n\n<p>Hasta cierto punto, y hasta estas l\u00edneas, creo que la animadversi\u00f3n que se puede tener para con el Ej\u00e9rcito est\u00e1 \u201cmal distribuida\u201d. Le explico mi opini\u00f3n al respecto:<\/p>\n\n\n\n<p>Si un soldado se mueve, lo hace bajo el cumplimiento de una orden so pena de que si no ejecuta tal, es sancionado o de acuerdo a la circunstancia, hasta juzgado en una Corte Marcial.<\/p>\n\n\n\n<p>Por cierto, la Desobediencia es el segundo delito m\u00e1s cometido en el orden militar s\u00f3lo superado por la Deserci\u00f3n.<\/p>\n\n\n\n<p>Hay una cadena de mando que puede iniciar desde un Cadete, Soldado, Cabo, Sargentos, Tenientes, etc\u00e9tera, hasta acabar con General y por supuesto, los dos eslabones m\u00e1s fuertes, el secretario de la Defensa Nacional y el Primer Comandante.<\/p>\n\n\n\n<p>De un modo u otro, en los hechos m\u00e1s tr\u00e1gicos en los que ha participado el Ej\u00e9rcito Mexicano, la l\u00f3gica te dice que tanto el secretario de la Defensa como el Primer Comandante, no s\u00f3lo estaban enterados, sino que quiz\u00e1s la orden de ejecuci\u00f3n (es decir, de actuar), se desprendi\u00f3 de ellos\u2026 Recordemos a dos Primeros Comandantes: D\u00edaz Ordaz y Enrique Pe\u00f1a Nieto.<\/p>\n\n\n\n<p>Del primero, pues la historia se encarga de enjuiciarlo cada vez que tiene oportunidad\u2026 del segundo, el Presidente L\u00f3pez Obrador aparenta querer pero es m\u00e1s su no poder porque a cada intento de se\u00f1alar al hijo pr\u00f3digo del Grupo Atlacomulco, le surge un rev\u00e9s, como el reciente al exponer a su brazo derecho, al m\u00e1s leal de sus soldados, poner en tela de juicio sus servicios para con la naci\u00f3n y todav\u00eda mofarse de \u00e9l con \u201cEl Ej\u00e9rcito no me quiere\u201d&#8230;<\/p>\n\n\n\n<p>A lo mejor el Presidente no entiende la magnitud de ser el Primer Comandante de un Ej\u00e9rcito que requiere de un l\u00edder y no un payaso que adem\u00e1s de burlarse de ellos, sea capaz de no reconocer su servicio incondicional\u2026 lo mismo le ha de ocurrir al secretario de Defensa, Luis Crescencio Sandoval Gonz\u00e1lez, quien es el puente entre la Tropa y el Primer Comandante, quien en una o dos o m\u00e1s ocasiones, pinta m\u00e1s como vasallo que como secretario\u2026<\/p>\n\n\n\n<p>Hoy, el Ej\u00e9rcito tiene un estigma ganado a pulso que lo aleja de las calles\u2026 un estigma que de cierto modo su Primer Comandante, ayer y hoy, origin\u00f3, gener\u00f3, provoc\u00f3\u2026 uno, por exceso de mando; otro, porque al parecer entr\u00f3 a un universo donde no alcanza a dimensionar \u201clos valores institucionales\u201d de un Ej\u00e9rcito que se muere en la raya por su Presidente\u2026 si el Presidente se muere en la raya con ellos\u2026<\/p>\n","protected":false},"excerpt":{"rendered":"<p>Los Pol\u00edticos Salvador Mu\u00f1oz \u00bfCu\u00e1l es la imagen que guarda en estos momentos el Ej\u00e9rcito mexicano ante la percepci\u00f3n social? Si recordamos los recientes datos con relaci\u00f3n a Ayotzinapa, est\u00e1 dentro del rango de \u201casesino\u201d. Si recordamos los se\u00f1alamientos que hay en su contra por diversos sectores entre ellos los feministas, es \u201cEsp\u00eda\u201d. Si recordamos [&hellip;]<\/p>\n","protected":false},"author":1,"featured_media":387,"comment_status":"open","ping_status":"open","sticky":false,"template":"","format":"standard","meta":{"_jetpack_memberships_contains_paid_content":false,"footnotes":""},"categories":[11],"tags":[],"class_list":["post-32271","post","type-post","status-publish","format-standard","has-post-thumbnail","hentry","category-opinion"],"jetpack_featured_media_url":"https:\/\/encuentroinformativo.com.mx\/wp-content\/uploads\/2020\/03\/7CF8A22B-2764-47BE-8F7F-38FE9E5D6A2F.jpeg","jetpack_sharing_enabled":true,"jetpack_likes_enabled":true,"amp_enabled":true,"_links":{"self":[{"href":"https:\/\/encuentroinformativo.com.mx\/index.php?rest_route=\/wp\/v2\/posts\/32271","targetHints":{"allow":["GET"]}}],"collection":[{"href":"https:\/\/encuentroinformativo.com.mx\/index.php?rest_route=\/wp\/v2\/posts"}],"about":[{"href":"https:\/\/encuentroinformativo.com.mx\/index.php?rest_route=\/wp\/v2\/types\/post"}],"author":[{"embeddable":true,"href":"https:\/\/encuentroinformativo.com.mx\/index.php?rest_route=\/wp\/v2\/users\/1"}],"replies":[{"embeddable":true,"href":"https:\/\/encuentroinformativo.com.mx\/index.php?rest_route=%2Fwp%2Fv2%2Fcomments&post=32271"}],"version-history":[{"count":1,"href":"https:\/\/encuentroinformativo.com.mx\/index.php?rest_route=\/wp\/v2\/posts\/32271\/revisions"}],"predecessor-version":[{"id":32272,"href":"https:\/\/encuentroinformativo.com.mx\/index.php?rest_route=\/wp\/v2\/posts\/32271\/revisions\/32272"}],"wp:featuredmedia":[{"embeddable":true,"href":"https:\/\/encuentroinformativo.com.mx\/index.php?rest_route=\/wp\/v2\/media\/387"}],"wp:attachment":[{"href":"https:\/\/encuentroinformativo.com.mx\/index.php?rest_route=%2Fwp%2Fv2%2Fmedia&parent=32271"}],"wp:term":[{"taxonomy":"category","embeddable":true,"href":"https:\/\/encuentroinformativo.com.mx\/index.php?rest_route=%2Fwp%2Fv2%2Fcategories&post=32271"},{"taxonomy":"post_tag","embeddable":true,"href":"https:\/\/encuentroinformativo.com.mx\/index.php?rest_route=%2Fwp%2Fv2%2Ftags&post=32271"}],"curies":[{"name":"wp","href":"https:\/\/api.w.org\/{rel}","templated":true}]}}