{"id":32276,"date":"2022-10-04T09:41:58","date_gmt":"2022-10-04T14:41:58","guid":{"rendered":"https:\/\/encuentroinformativo.com.mx\/?p=32276"},"modified":"2022-10-04T09:42:02","modified_gmt":"2022-10-04T14:42:02","slug":"reclaman-pago-de-aumento-salarial-en-la-sev","status":"publish","type":"post","link":"https:\/\/encuentroinformativo.com.mx\/?p=32276","title":{"rendered":"Reclaman pago de aumento salarial en la SEV"},"content":{"rendered":"\n<p><strong>Juan Arcos <\/strong><\/p>\n\n\n\n<p>Xalapa, Ver.- Docentes sindicalizados protestaron y tomaron las oficinas centrales de la Secretar\u00eda de Educaci\u00f3n de Veracruz (SEV), la ma\u00f1ana de este martes 4 de octubre.<\/p>\n\n\n\n<p>Se trata de Integrantes del Sindicato Innovador Magisterial Veracruzano (SIMVE), que encabeza el secretario general Gerardo Vel\u00e1zquez Maravert.<\/p>\n\n\n\n<p>El l\u00edder sindical indic\u00f3 que decidieron manifestarse en contra de las pol\u00edticas internas de operaci\u00f3n por parte de funcionarios que est\u00e1n al frente de la SEV.<\/p>\n\n\n\n<p>Acus\u00f3 que los titulares de esta dependencia estatal se la pasan haciendo giras en distintos puntos del estado y por ello se descuidan las demandas del magisterio.<\/p>\n\n\n\n<p>\u201cEste personaje se llama Luis Arturo Contreras Dur\u00e1n y \u00e9l atiende a nombre y representaci\u00f3n de la oficial mayor Selene Aguilar Amaya\u201d, expres\u00f3.<\/p>\n\n\n\n<p>El entrevistado mencion\u00f3 que uno de los temas pendientes es el presupuesto que debe aplicarse para las recategorizaciones del personal homologado, as\u00ed como la asignaci\u00f3n de plazas docentes.<\/p>\n\n\n\n<p>Tambi\u00e9n destac\u00f3 que no se ha pagado el incremento salarial a los profesores del sistema estatal y las autoridades no se han pronunciado al respecto.<\/p>\n\n\n\n<p>\u201cLo peor de todo es que no han informado la fecha de pago y las autoridades ni siquiera se han pronunciado al respecto\u201d, enfatiz\u00f3.<\/p>\n\n\n\n<p>Los quejosos amagaron con mantener el plant\u00f3n hasta que sean atendidos por autoridades educativas.<\/p>\n\n\n\n<figure class=\"wp-block-image size-large\"><img loading=\"lazy\" decoding=\"async\" width=\"709\" height=\"532\" src=\"https:\/\/encuentroinformativo.com.mx\/wp-content\/uploads\/2022\/10\/A95E6037-047D-43AF-85F2-70F4B9B3764C.jpeg\" alt=\"\" class=\"wp-image-32278\" srcset=\"https:\/\/encuentroinformativo.com.mx\/wp-content\/uploads\/2022\/10\/A95E6037-047D-43AF-85F2-70F4B9B3764C.jpeg 709w, https:\/\/encuentroinformativo.com.mx\/wp-content\/uploads\/2022\/10\/A95E6037-047D-43AF-85F2-70F4B9B3764C-300x225.jpeg 300w\" sizes=\"auto, (max-width: 709px) 100vw, 709px\" \/><\/figure>\n","protected":false},"excerpt":{"rendered":"<p>Juan Arcos Xalapa, Ver.- Docentes sindicalizados protestaron y tomaron las oficinas centrales de la Secretar\u00eda de Educaci\u00f3n de Veracruz (SEV), la ma\u00f1ana de este martes 4 de octubre. Se trata de Integrantes del Sindicato Innovador Magisterial Veracruzano (SIMVE), que encabeza el secretario general Gerardo Vel\u00e1zquez Maravert. El l\u00edder sindical indic\u00f3 que decidieron manifestarse en contra [&hellip;]<\/p>\n","protected":false},"author":1,"featured_media":32277,"comment_status":"open","ping_status":"open","sticky":false,"template":"","format":"standard","meta":{"_jetpack_memberships_contains_paid_content":false,"footnotes":""},"categories":[3],"tags":[],"class_list":["post-32276","post","type-post","status-publish","format-standard","has-post-thumbnail","hentry","category-xalapa"],"jetpack_featured_media_url":"https:\/\/encuentroinformativo.com.mx\/wp-content\/uploads\/2022\/10\/4FA309A4-AEF9-4CA1-A34F-2AAF310F6F22.jpeg","jetpack_sharing_enabled":true,"jetpack_likes_enabled":true,"amp_enabled":true,"_links":{"self":[{"href":"https:\/\/encuentroinformativo.com.mx\/index.php?rest_route=\/wp\/v2\/posts\/32276","targetHints":{"allow":["GET"]}}],"collection":[{"href":"https:\/\/encuentroinformativo.com.mx\/index.php?rest_route=\/wp\/v2\/posts"}],"about":[{"href":"https:\/\/encuentroinformativo.com.mx\/index.php?rest_route=\/wp\/v2\/types\/post"}],"author":[{"embeddable":true,"href":"https:\/\/encuentroinformativo.com.mx\/index.php?rest_route=\/wp\/v2\/users\/1"}],"replies":[{"embeddable":true,"href":"https:\/\/encuentroinformativo.com.mx\/index.php?rest_route=%2Fwp%2Fv2%2Fcomments&post=32276"}],"version-history":[{"count":1,"href":"https:\/\/encuentroinformativo.com.mx\/index.php?rest_route=\/wp\/v2\/posts\/32276\/revisions"}],"predecessor-version":[{"id":32279,"href":"https:\/\/encuentroinformativo.com.mx\/index.php?rest_route=\/wp\/v2\/posts\/32276\/revisions\/32279"}],"wp:featuredmedia":[{"embeddable":true,"href":"https:\/\/encuentroinformativo.com.mx\/index.php?rest_route=\/wp\/v2\/media\/32277"}],"wp:attachment":[{"href":"https:\/\/encuentroinformativo.com.mx\/index.php?rest_route=%2Fwp%2Fv2%2Fmedia&parent=32276"}],"wp:term":[{"taxonomy":"category","embeddable":true,"href":"https:\/\/encuentroinformativo.com.mx\/index.php?rest_route=%2Fwp%2Fv2%2Fcategories&post=32276"},{"taxonomy":"post_tag","embeddable":true,"href":"https:\/\/encuentroinformativo.com.mx\/index.php?rest_route=%2Fwp%2Fv2%2Ftags&post=32276"}],"curies":[{"name":"wp","href":"https:\/\/api.w.org\/{rel}","templated":true}]}}