{"id":32285,"date":"2022-10-04T12:22:16","date_gmt":"2022-10-04T17:22:16","guid":{"rendered":"https:\/\/encuentroinformativo.com.mx\/?p=32285"},"modified":"2022-10-04T12:22:20","modified_gmt":"2022-10-04T17:22:20","slug":"confirman-denuncia-contra-dirigente-del-pan","status":"publish","type":"post","link":"https:\/\/encuentroinformativo.com.mx\/?p=32285","title":{"rendered":"Confirman denuncia contra dirigente del PAN"},"content":{"rendered":"\n<p><strong>Dar\u00edo Pale<\/strong><\/p>\n\n\n\n<p>Xalapa, Ver.- La Extrabajadora del Partido Acci\u00f3n Nacional (PAN) Ver\u00f3nica del \u00c1ngel Le\u00f3n hizo p\u00fablica la demanda en contra del dirigente del partido Federico Salom\u00f3n Molina y confirm\u00f3 la denuncia en contra del diputado local Enrique Cambranis Torres por acoso.<\/p>\n\n\n\n<p>Lo anterior se debe a que en pasado lunes el dirigente estatal del PAN dio a conocer que no ten\u00eda conocimiento de los se\u00f1alamientos de la extrabajadora del partido por lo que este d\u00eda hizo p\u00fablicas las demandas laborales que est\u00e1n en contra del presidente de Acci\u00f3n Nacional.<\/p>\n\n\n\n<p>Dio a conocer todo lo que sucedi\u00f3 y c\u00f3mo fue que la despidieron y que desde el primer momento se negaron a liquidarla despu\u00e9s de 14 a\u00f1os de trabajo en el instituto pol\u00edtico.<\/p>\n\n\n\n<p>Cont\u00f3 que fue despedida en febrero de este a\u00f1o y Federico Salom\u00f3n se ha negado a acudir a las de 10 reuniones que lo ha citado la autoridad laboral.<\/p>\n\n\n\n<p>\u201cYo aqu\u00ed vengo a ense\u00f1ar mi denuncia el tiene una demanda laboral, es el Juez Agust\u00edn el que est\u00e1 llevando el caso, el juez del juzgado laboral dice que solamente el Presidente Federico Salom\u00f3n Molina es el \u00fanico que puede comparecer. No se le ha dado la gana asistir, el dice que tiene familia \u00bfyo no?, \u00e9l si tiene derecho a un trabajo \u00bfyo no? \u00bfD\u00f3nde est\u00e1 su humanismo? No concuerda con los principios de Acci\u00f3n Nacional, ese se\u00f1or no puede dirigir a un partido\u201d, coment\u00f3.<\/p>\n\n\n\n<p>La afectada relat\u00f3 los hechos de su despido injustificado a cargo del tesorero del CDE del PAN, Mizraim Eligio Castel\u00e1n Rivera, por \u00f3rdenes de Federico Salom\u00f3n Molina por lo que interpuso una demanda desde hace 10 meses y aunque ha sido llamados a comparecer no se han presentado.<\/p>\n\n\n\n<p>De igual forma present\u00f3 el documento original de la denuncia por acoso laboral en contra del Diputado local, Enrique Cambranis, a quien acus\u00f3 de acosarla sexual y laboralmente durante los a\u00f1os que trabaj\u00f3 en el partido y en el Congreso del Estado.<\/p>\n\n\n\n<p>Cuestionada sobre el tiempo en que tard\u00f3 en interponer la denuncia, dijo que una v\u00edctima de acoso puede interponer la demanda cuando se sienta lista para hacerlo, y si call\u00f3 mucho tiempo es porque ten\u00eda la necesidad de mantener su trabajo y no la corrieran.<\/p>\n\n\n\n<p>\u201cAl ver todo esto que ellos pregonan pero no lo llevan a la praxis, es un acto hip\u00f3crita, es totalmente hip\u00f3crita todo lo que hablan de humanismo, doctrina, bien com\u00fan\u201d, coment\u00f3.<\/p>\n\n\n\n<p>Del \u00c1ngel Le\u00f3n asegur\u00f3 que hasta el momento la titular de la Secretaria de Promoci\u00f3n Politica de la Mujer no se ha acercado para ofrecerle el apoyo pese a la violencia de g\u00e9nero que ha vivido todo este tiempo.<\/p>\n\n\n\n<p>-Una periodista intervino para callar al enviado del Partido Acci\u00f3n Nacional.<\/p>\n\n\n\n<p>Las constantes interrupciones causaron molestia entre los medios de comunicaci\u00f3n por lo que decidieron correr del lugar al defensor y empleado de Enrique Cambranis.<\/p>\n\n\n\n<p>\u201cVete de aqu\u00ed, lo tuyo es personal, \u00bfpor qu\u00e9 haces esto? te ves mal, si es de manera personal hazlo despu\u00e9s, Walter es una mujer y est\u00e1 dando una conferencia, si tienes algo que decirle d\u00edselo despu\u00e9s, d\u00e9janos hacer nuestro trabajo, de lo que tanto has repelado t\u00fa con otros, que ni te dejan hacer tu trabajo y te bloquean en el Congreso, c\u00e1llate entonces\u201d.<\/p>\n\n\n\n<p>Finalmente la demandante pudo concluir la rueda de prensa y sostuvo que sus denuncias ante las instancias correspondientes son reales.<\/p>\n","protected":false},"excerpt":{"rendered":"<p>Dar\u00edo Pale Xalapa, Ver.- La Extrabajadora del Partido Acci\u00f3n Nacional (PAN) Ver\u00f3nica del \u00c1ngel Le\u00f3n hizo p\u00fablica la demanda en contra del dirigente del partido Federico Salom\u00f3n Molina y confirm\u00f3 la denuncia en contra del diputado local Enrique Cambranis Torres por acoso. Lo anterior se debe a que en pasado lunes el dirigente estatal del [&hellip;]<\/p>\n","protected":false},"author":1,"featured_media":32286,"comment_status":"open","ping_status":"open","sticky":false,"template":"","format":"standard","meta":{"_jetpack_memberships_contains_paid_content":false,"footnotes":""},"categories":[3],"tags":[],"class_list":["post-32285","post","type-post","status-publish","format-standard","has-post-thumbnail","hentry","category-xalapa"],"jetpack_featured_media_url":"https:\/\/encuentroinformativo.com.mx\/wp-content\/uploads\/2022\/10\/8838235A-2835-48D4-9D85-16C88F947531.jpeg","jetpack_sharing_enabled":true,"jetpack_likes_enabled":true,"amp_enabled":true,"_links":{"self":[{"href":"https:\/\/encuentroinformativo.com.mx\/index.php?rest_route=\/wp\/v2\/posts\/32285","targetHints":{"allow":["GET"]}}],"collection":[{"href":"https:\/\/encuentroinformativo.com.mx\/index.php?rest_route=\/wp\/v2\/posts"}],"about":[{"href":"https:\/\/encuentroinformativo.com.mx\/index.php?rest_route=\/wp\/v2\/types\/post"}],"author":[{"embeddable":true,"href":"https:\/\/encuentroinformativo.com.mx\/index.php?rest_route=\/wp\/v2\/users\/1"}],"replies":[{"embeddable":true,"href":"https:\/\/encuentroinformativo.com.mx\/index.php?rest_route=%2Fwp%2Fv2%2Fcomments&post=32285"}],"version-history":[{"count":1,"href":"https:\/\/encuentroinformativo.com.mx\/index.php?rest_route=\/wp\/v2\/posts\/32285\/revisions"}],"predecessor-version":[{"id":32287,"href":"https:\/\/encuentroinformativo.com.mx\/index.php?rest_route=\/wp\/v2\/posts\/32285\/revisions\/32287"}],"wp:featuredmedia":[{"embeddable":true,"href":"https:\/\/encuentroinformativo.com.mx\/index.php?rest_route=\/wp\/v2\/media\/32286"}],"wp:attachment":[{"href":"https:\/\/encuentroinformativo.com.mx\/index.php?rest_route=%2Fwp%2Fv2%2Fmedia&parent=32285"}],"wp:term":[{"taxonomy":"category","embeddable":true,"href":"https:\/\/encuentroinformativo.com.mx\/index.php?rest_route=%2Fwp%2Fv2%2Fcategories&post=32285"},{"taxonomy":"post_tag","embeddable":true,"href":"https:\/\/encuentroinformativo.com.mx\/index.php?rest_route=%2Fwp%2Fv2%2Ftags&post=32285"}],"curies":[{"name":"wp","href":"https:\/\/api.w.org\/{rel}","templated":true}]}}