{"id":32303,"date":"2022-10-04T15:55:01","date_gmt":"2022-10-04T20:55:01","guid":{"rendered":"https:\/\/encuentroinformativo.com.mx\/?p=32303"},"modified":"2022-10-04T15:55:05","modified_gmt":"2022-10-04T20:55:05","slug":"pan-presentara-iniciativa-de-ley-para-acabar-con-coyotaje-de-inmobiliarios","status":"publish","type":"post","link":"https:\/\/encuentroinformativo.com.mx\/?p=32303","title":{"rendered":"PAN presentar\u00e1 iniciativa de ley para acabar con &#8220;coyotaje&#8221; de inmobiliarios"},"content":{"rendered":"\n<p><strong>Alejandro \u00c1vila<\/strong><\/p>\n\n\n\n<p>Boca del R\u00edo, Ver.- A trav\u00e9s del diputado local, Jaime de la Garza Mart\u00ednez, se presentar\u00e1 en el Congreso de Veracruz una iniciativa de ley para regular a los Agentes Inmobiliarios y acabar con el &#8220;coyotaje&#8221;.<\/p>\n\n\n\n<p>A esta iniciativa se sumar\u00e1n diputados de la zona conurbada Veracruz &#8211; Boca del R\u00edo de diversos partidos, como PRI y Morena.<\/p>\n\n\n\n<p>&#8220;Se busca acabar con el &#8216;coyotaje&#8217;, con terceras personas, que se haga el trato directo entre una instituci\u00f3n financiera y el cliente final, que no exista un intermediario que no sepa de leyes, que no sepa de impuestos, que muchas veces les ocasiona problemas financieros a las personas&#8221;, mencion\u00f3 Jaime de la Garza.<\/p>\n\n\n\n<p>Est\u00e1 iniciativa fue analizada con los integrantes de AMPI y AIMAC, qui\u00e9nes desarrollaron el proyecto para presentarselo a los diputados de Veracruz.<\/p>\n\n\n\n<p>Es de mencionar que, en 22 estados de la rep\u00fablica ya existe un reglamento inmobiliario que da certeza jur\u00eddica en la adquisici\u00f3n de viviendas, y se busca que el estado de Veracruz sea el n\u00famero 23.<\/p>\n","protected":false},"excerpt":{"rendered":"<p>Alejandro \u00c1vila Boca del R\u00edo, Ver.- A trav\u00e9s del diputado local, Jaime de la Garza Mart\u00ednez, se presentar\u00e1 en el Congreso de Veracruz una iniciativa de ley para regular a los Agentes Inmobiliarios y acabar con el &#8220;coyotaje&#8221;. A esta iniciativa se sumar\u00e1n diputados de la zona conurbada Veracruz &#8211; Boca del R\u00edo de diversos [&hellip;]<\/p>\n","protected":false},"author":1,"featured_media":32304,"comment_status":"open","ping_status":"open","sticky":false,"template":"","format":"standard","meta":{"_jetpack_memberships_contains_paid_content":false,"footnotes":""},"categories":[2],"tags":[],"class_list":["post-32303","post","type-post","status-publish","format-standard","has-post-thumbnail","hentry","category-estado"],"jetpack_featured_media_url":"https:\/\/encuentroinformativo.com.mx\/wp-content\/uploads\/2022\/10\/7C5DAF69-0945-472B-9190-6FC3DBEC0A48.jpeg","jetpack_sharing_enabled":true,"jetpack_likes_enabled":true,"amp_enabled":true,"_links":{"self":[{"href":"https:\/\/encuentroinformativo.com.mx\/index.php?rest_route=\/wp\/v2\/posts\/32303","targetHints":{"allow":["GET"]}}],"collection":[{"href":"https:\/\/encuentroinformativo.com.mx\/index.php?rest_route=\/wp\/v2\/posts"}],"about":[{"href":"https:\/\/encuentroinformativo.com.mx\/index.php?rest_route=\/wp\/v2\/types\/post"}],"author":[{"embeddable":true,"href":"https:\/\/encuentroinformativo.com.mx\/index.php?rest_route=\/wp\/v2\/users\/1"}],"replies":[{"embeddable":true,"href":"https:\/\/encuentroinformativo.com.mx\/index.php?rest_route=%2Fwp%2Fv2%2Fcomments&post=32303"}],"version-history":[{"count":1,"href":"https:\/\/encuentroinformativo.com.mx\/index.php?rest_route=\/wp\/v2\/posts\/32303\/revisions"}],"predecessor-version":[{"id":32305,"href":"https:\/\/encuentroinformativo.com.mx\/index.php?rest_route=\/wp\/v2\/posts\/32303\/revisions\/32305"}],"wp:featuredmedia":[{"embeddable":true,"href":"https:\/\/encuentroinformativo.com.mx\/index.php?rest_route=\/wp\/v2\/media\/32304"}],"wp:attachment":[{"href":"https:\/\/encuentroinformativo.com.mx\/index.php?rest_route=%2Fwp%2Fv2%2Fmedia&parent=32303"}],"wp:term":[{"taxonomy":"category","embeddable":true,"href":"https:\/\/encuentroinformativo.com.mx\/index.php?rest_route=%2Fwp%2Fv2%2Fcategories&post=32303"},{"taxonomy":"post_tag","embeddable":true,"href":"https:\/\/encuentroinformativo.com.mx\/index.php?rest_route=%2Fwp%2Fv2%2Ftags&post=32303"}],"curies":[{"name":"wp","href":"https:\/\/api.w.org\/{rel}","templated":true}]}}