{"id":32314,"date":"2022-10-05T11:17:20","date_gmt":"2022-10-05T16:17:20","guid":{"rendered":"https:\/\/encuentroinformativo.com.mx\/?p=32314"},"modified":"2022-10-05T11:17:24","modified_gmt":"2022-10-05T16:17:24","slug":"toman-primaria-en-cotaxtla-por-falta-de-maestros","status":"publish","type":"post","link":"https:\/\/encuentroinformativo.com.mx\/?p=32314","title":{"rendered":"Toman primaria en Cotaxtla por falta de maestros"},"content":{"rendered":"\n<p><strong>Alejandro \u00c1vila<\/strong><\/p>\n\n\n\n<p>Cotaxtla, Ver.- La primaria federal &#8220;Cotaxtla&#8221;, ubicada en la cabecera municipal del mismo municipio, fue tomada este mi\u00e9rcoles 5 de octubre por padres de familia, debido a la falta de docentes desde hace m\u00e1s de 20 d\u00edas.<\/p>\n\n\n\n<p>A decir de los quejosos, desde hace m\u00e1s de 20 d\u00edas dejaron de impartirse clases en el primer y segundo grado, ya que los maestros fueron cambiados de plantel educativo; y a pesar de la solicitud a la Secretar\u00eda de Educaci\u00f3n de Veracruz (SEV), la dependencia estatal sigue sin mandar maestros.<\/p>\n\n\n\n<p>&#8220;Se maneja un maestro por dos grupos, y el grupo que est\u00e1 afectado, pues el de primero y segundo, la directora (Mireya Gamboa) nos ha apoyado en meter oficios, pero ella nos coment\u00f3 que ya no es cuesti\u00f3n de ella sino de la SEV que no ha mandado al maestro, exigimos m\u00e1s que nada, que si ellos pueden o tienen un maestro que pueda sustituir al que a\u00fan no llega, pues estar\u00eda bien, esa es nuestra problem\u00e1tica, qu\u00e9 los ni\u00f1os no tienen maestro, y la maestra que ten\u00edamos en curso ya se fue, porque tuvo su cambio y ya se fue para otra escuela&#8221;, mencion\u00f3 la se\u00f1ora Teresa.<\/p>\n\n\n\n<p>Al momento, la primaria federal cuenta con una matr\u00edcula de 49 ni\u00f1os; sin embargo, se\u00f1alan que debido a esta problem\u00e1tica, algunos padres de familia han decidido cambiar a sus peque\u00f1os de escuela, situaci\u00f3n que de continuar, podr\u00eda ocasionar el cierre del plantel educativo.<\/p>\n\n\n\n<p>&#8220;No se nos hace justo que otros tengan maestro y nosotros no tengamos maestro. Esa es la problem\u00e1tica que tenemos nosotros en la escuela y por la cual decidimos cerrarla, porque ya son casi 20 d\u00edas sin maestro, de hecho ya unos, creo que son dos padres de familia que ya movieron a sus hijos para otra escuela&#8221;, culmin\u00f3.<\/p>\n\n\n\n<figure class=\"wp-block-image size-large\"><img loading=\"lazy\" decoding=\"async\" width=\"1024\" height=\"768\" src=\"https:\/\/encuentroinformativo.com.mx\/wp-content\/uploads\/2022\/10\/38AB4A60-B298-4BAD-A546-E6BF67D90FBE-1024x768.jpeg\" alt=\"\" class=\"wp-image-32316\" srcset=\"https:\/\/encuentroinformativo.com.mx\/wp-content\/uploads\/2022\/10\/38AB4A60-B298-4BAD-A546-E6BF67D90FBE-1024x768.jpeg 1024w, https:\/\/encuentroinformativo.com.mx\/wp-content\/uploads\/2022\/10\/38AB4A60-B298-4BAD-A546-E6BF67D90FBE-300x225.jpeg 300w, https:\/\/encuentroinformativo.com.mx\/wp-content\/uploads\/2022\/10\/38AB4A60-B298-4BAD-A546-E6BF67D90FBE-768x576.jpeg 768w, https:\/\/encuentroinformativo.com.mx\/wp-content\/uploads\/2022\/10\/38AB4A60-B298-4BAD-A546-E6BF67D90FBE-1536x1152.jpeg 1536w, https:\/\/encuentroinformativo.com.mx\/wp-content\/uploads\/2022\/10\/38AB4A60-B298-4BAD-A546-E6BF67D90FBE.jpeg 1600w\" sizes=\"auto, (max-width: 1024px) 100vw, 1024px\" \/><\/figure>\n","protected":false},"excerpt":{"rendered":"<p>Alejandro \u00c1vila Cotaxtla, Ver.- La primaria federal &#8220;Cotaxtla&#8221;, ubicada en la cabecera municipal del mismo municipio, fue tomada este mi\u00e9rcoles 5 de octubre por padres de familia, debido a la falta de docentes desde hace m\u00e1s de 20 d\u00edas. A decir de los quejosos, desde hace m\u00e1s de 20 d\u00edas dejaron de impartirse clases en [&hellip;]<\/p>\n","protected":false},"author":1,"featured_media":32315,"comment_status":"open","ping_status":"open","sticky":false,"template":"","format":"standard","meta":{"_jetpack_memberships_contains_paid_content":false,"footnotes":""},"categories":[2],"tags":[],"class_list":["post-32314","post","type-post","status-publish","format-standard","has-post-thumbnail","hentry","category-estado"],"jetpack_featured_media_url":"https:\/\/encuentroinformativo.com.mx\/wp-content\/uploads\/2022\/10\/D673BDC5-C6E0-4383-9DF5-6B6339B5D203.jpeg","jetpack_sharing_enabled":true,"jetpack_likes_enabled":true,"amp_enabled":true,"_links":{"self":[{"href":"https:\/\/encuentroinformativo.com.mx\/index.php?rest_route=\/wp\/v2\/posts\/32314","targetHints":{"allow":["GET"]}}],"collection":[{"href":"https:\/\/encuentroinformativo.com.mx\/index.php?rest_route=\/wp\/v2\/posts"}],"about":[{"href":"https:\/\/encuentroinformativo.com.mx\/index.php?rest_route=\/wp\/v2\/types\/post"}],"author":[{"embeddable":true,"href":"https:\/\/encuentroinformativo.com.mx\/index.php?rest_route=\/wp\/v2\/users\/1"}],"replies":[{"embeddable":true,"href":"https:\/\/encuentroinformativo.com.mx\/index.php?rest_route=%2Fwp%2Fv2%2Fcomments&post=32314"}],"version-history":[{"count":1,"href":"https:\/\/encuentroinformativo.com.mx\/index.php?rest_route=\/wp\/v2\/posts\/32314\/revisions"}],"predecessor-version":[{"id":32317,"href":"https:\/\/encuentroinformativo.com.mx\/index.php?rest_route=\/wp\/v2\/posts\/32314\/revisions\/32317"}],"wp:featuredmedia":[{"embeddable":true,"href":"https:\/\/encuentroinformativo.com.mx\/index.php?rest_route=\/wp\/v2\/media\/32315"}],"wp:attachment":[{"href":"https:\/\/encuentroinformativo.com.mx\/index.php?rest_route=%2Fwp%2Fv2%2Fmedia&parent=32314"}],"wp:term":[{"taxonomy":"category","embeddable":true,"href":"https:\/\/encuentroinformativo.com.mx\/index.php?rest_route=%2Fwp%2Fv2%2Fcategories&post=32314"},{"taxonomy":"post_tag","embeddable":true,"href":"https:\/\/encuentroinformativo.com.mx\/index.php?rest_route=%2Fwp%2Fv2%2Ftags&post=32314"}],"curies":[{"name":"wp","href":"https:\/\/api.w.org\/{rel}","templated":true}]}}