{"id":32323,"date":"2022-10-05T11:32:27","date_gmt":"2022-10-05T16:32:27","guid":{"rendered":"https:\/\/encuentroinformativo.com.mx\/?p=32323"},"modified":"2022-10-05T11:32:30","modified_gmt":"2022-10-05T16:32:30","slug":"en-la-sev-reclaman-director-para-escuela-de-omealca","status":"publish","type":"post","link":"https:\/\/encuentroinformativo.com.mx\/?p=32323","title":{"rendered":"En la SEV, reclaman director para escuela de Omealca"},"content":{"rendered":"\n<p><strong>Dar\u00edo Pale<\/strong><\/p>\n\n\n\n<p>Xalapa, Ver.- Debido a que llevan tres a\u00f1os sin un director formal ya que los que han estado s\u00f3lo son comisionados &#8220;y a ra\u00edz de ello hay problem\u00e1ticas porque los maestros o atienden los grupos o la Direcci\u00f3n&#8221;, por lo cual los padres de familia de la escuela primaria &#8220;Venustiano Carranza&#8221; de la localidad de Mata Tenatito, municipio de Omealca se manifestaron en la Secretar\u00eda de Educaci\u00f3n de Veracruz (SEV).<\/p>\n\n\n\n<p>Entrevistada durante la manifestaci\u00f3n la presidente de la Asociaci\u00f3n de Padres de Familia, Mar\u00eda Isela Sierra Calvillo explic\u00f3 que exigen sea nombrado un nuevo director para el plantel educativo.<\/p>\n\n\n\n<p>Coment\u00f3 que llevan tres a\u00f1os sin contar con un director, ya que \u00fanicamente se presenta una persona a suplir de forma interina la direcci\u00f3n, se est\u00e1 un par de meses y se va, desconociendo el motivo de su partida.<\/p>\n\n\n\n<p>Dio a conocer que en la escuela la matr\u00edcula es de 179 estudiantes comentaron los pap\u00e1s frente a la sede estatal de la SEV, &#8220;pedimos la intervenci\u00f3n del secretario Zenyazen Escobar y del Gobernador, Cuitl\u00e1huac Garc\u00eda. No se est\u00e1 pidiendo lo que no es&#8221;.<\/p>\n\n\n\n<p>Dijo que la semana pasada se fue la \u00faltima directora que s\u00f3lo estuvo dos meses y se ven afectados 179 alumnos.<\/p>\n\n\n\n<p>Aunado a ello est\u00e1n solicitando un intendente de planta, ya que igualmente lo mandan un par de meses y se va, por lo que ya est\u00e1n cansados de que no respeten al plantel educativo, ya que sus hijos necesitan una persona que est\u00e9 al frente del plantel educativo, y as\u00ed tambi\u00e9n que el plantel educativo est\u00e9 siempre limpio.<\/p>\n\n\n\n<p>Finalmente se\u00f1alaron que las autoridades educativas ya estaban enteradas de la protesta que se realizar\u00eda en caso que no fueran atendidos en las peticiones de Director.<\/p>\n\n\n\n<figure class=\"wp-block-image size-large\"><img loading=\"lazy\" decoding=\"async\" width=\"1024\" height=\"768\" src=\"https:\/\/encuentroinformativo.com.mx\/wp-content\/uploads\/2022\/10\/72384666-6667-4883-BB25-578943D5ECCE-1024x768.jpeg\" alt=\"\" class=\"wp-image-32325\" srcset=\"https:\/\/encuentroinformativo.com.mx\/wp-content\/uploads\/2022\/10\/72384666-6667-4883-BB25-578943D5ECCE-1024x768.jpeg 1024w, https:\/\/encuentroinformativo.com.mx\/wp-content\/uploads\/2022\/10\/72384666-6667-4883-BB25-578943D5ECCE-300x225.jpeg 300w, https:\/\/encuentroinformativo.com.mx\/wp-content\/uploads\/2022\/10\/72384666-6667-4883-BB25-578943D5ECCE-768x576.jpeg 768w, https:\/\/encuentroinformativo.com.mx\/wp-content\/uploads\/2022\/10\/72384666-6667-4883-BB25-578943D5ECCE.jpeg 1280w\" sizes=\"auto, (max-width: 1024px) 100vw, 1024px\" \/><\/figure>\n","protected":false},"excerpt":{"rendered":"<p>Dar\u00edo Pale Xalapa, Ver.- Debido a que llevan tres a\u00f1os sin un director formal ya que los que han estado s\u00f3lo son comisionados &#8220;y a ra\u00edz de ello hay problem\u00e1ticas porque los maestros o atienden los grupos o la Direcci\u00f3n&#8221;, por lo cual los padres de familia de la escuela primaria &#8220;Venustiano Carranza&#8221; de la [&hellip;]<\/p>\n","protected":false},"author":1,"featured_media":32324,"comment_status":"open","ping_status":"open","sticky":false,"template":"","format":"standard","meta":{"_jetpack_memberships_contains_paid_content":false,"footnotes":""},"categories":[2],"tags":[],"class_list":["post-32323","post","type-post","status-publish","format-standard","has-post-thumbnail","hentry","category-estado"],"jetpack_featured_media_url":"https:\/\/encuentroinformativo.com.mx\/wp-content\/uploads\/2022\/10\/4870076A-3F25-4A50-97E8-430A92B2ABE0.jpeg","jetpack_sharing_enabled":true,"jetpack_likes_enabled":true,"amp_enabled":true,"_links":{"self":[{"href":"https:\/\/encuentroinformativo.com.mx\/index.php?rest_route=\/wp\/v2\/posts\/32323","targetHints":{"allow":["GET"]}}],"collection":[{"href":"https:\/\/encuentroinformativo.com.mx\/index.php?rest_route=\/wp\/v2\/posts"}],"about":[{"href":"https:\/\/encuentroinformativo.com.mx\/index.php?rest_route=\/wp\/v2\/types\/post"}],"author":[{"embeddable":true,"href":"https:\/\/encuentroinformativo.com.mx\/index.php?rest_route=\/wp\/v2\/users\/1"}],"replies":[{"embeddable":true,"href":"https:\/\/encuentroinformativo.com.mx\/index.php?rest_route=%2Fwp%2Fv2%2Fcomments&post=32323"}],"version-history":[{"count":1,"href":"https:\/\/encuentroinformativo.com.mx\/index.php?rest_route=\/wp\/v2\/posts\/32323\/revisions"}],"predecessor-version":[{"id":32326,"href":"https:\/\/encuentroinformativo.com.mx\/index.php?rest_route=\/wp\/v2\/posts\/32323\/revisions\/32326"}],"wp:featuredmedia":[{"embeddable":true,"href":"https:\/\/encuentroinformativo.com.mx\/index.php?rest_route=\/wp\/v2\/media\/32324"}],"wp:attachment":[{"href":"https:\/\/encuentroinformativo.com.mx\/index.php?rest_route=%2Fwp%2Fv2%2Fmedia&parent=32323"}],"wp:term":[{"taxonomy":"category","embeddable":true,"href":"https:\/\/encuentroinformativo.com.mx\/index.php?rest_route=%2Fwp%2Fv2%2Fcategories&post=32323"},{"taxonomy":"post_tag","embeddable":true,"href":"https:\/\/encuentroinformativo.com.mx\/index.php?rest_route=%2Fwp%2Fv2%2Ftags&post=32323"}],"curies":[{"name":"wp","href":"https:\/\/api.w.org\/{rel}","templated":true}]}}