{"id":32336,"date":"2022-10-05T14:31:27","date_gmt":"2022-10-05T19:31:27","guid":{"rendered":"https:\/\/encuentroinformativo.com.mx\/?p=32336"},"modified":"2022-10-05T14:31:31","modified_gmt":"2022-10-05T19:31:31","slug":"invitan-a-paseo-de-catrinas-en-xalapa","status":"publish","type":"post","link":"https:\/\/encuentroinformativo.com.mx\/?p=32336","title":{"rendered":"Invitan a paseo de catrinas en Xalapa"},"content":{"rendered":"\n<p><strong>Dar\u00edo Pale <\/strong><\/p>\n\n\n\n<p>Xalapa, Ver.- Invitan a la ciudadan\u00eda para que participe en la sexta edici\u00f3n del Paseo de Catrinas 2022, el cual se realizar\u00e1 el 22 de octubre a las 6 de la tarde en las principales calles del centro de Xalapa.<\/p>\n\n\n\n<p>En conferencia de prensa Leonardo Ruiz, presidente de Orgullo Xalapa y junto con la asociaci\u00f3n Sumando Voluntades, presentaron la sexta edici\u00f3n del Paseo de Catrinas 2022 que se llevar\u00e1 a cabo el 22 de octubre a las 6 de la tarde en las principales calles de Xalapa.<\/p>\n\n\n\n<p>Dio a conocer que el punto de salida ser\u00e1 de la calle Xalape\u00f1os Ilustres, con direcci\u00f3n a \u00c1vila Camacho y culminando en el Teatro del Estado.<\/p>\n\n\n\n<p>Dijo que afortunadamente el evento ha trascendido a nivel nacional como internacional, pues ha congregado a m\u00e1s de 7 mil participantes, adem\u00e1s de que se deja una gran derrama econ\u00f3mica.<\/p>\n\n\n\n<p>Tambi\u00e9n el 22 y 23 de octubre se llevar\u00e1 a cabo la Expo Sabores y Tradiciones que se realizar\u00e1 en la explanada de Xallitic, de diez de la ma\u00f1ana a ocho de la noche, y se unir\u00e1n al Festival del D\u00eda de Muertos que organiza el Ayuntamiento de Xalapa.<\/p>\n\n\n\n<p>Destac\u00f3 que se busca impulsar la econom\u00eda de todas y todos los emprendedores, as\u00ed como de los negocios y empresas que se han visto afectadas por la pandemia del coronavirus.<\/p>\n\n\n\n<p>&#8220;Vamos a dar la bienvenida a diferentes municipios del estado de Veracruz, nos van a estar acompa\u00f1ando San Andr\u00e9s Tuxtla, Xico, Teocelo, Banderilla, Coatepec, y la convocatoria para participar se encuentra abierta hasta el 11 de octubre&#8221;, coment\u00f3.<\/p>\n\n\n\n<p>Por \u00faltimo se\u00f1alo que este a\u00f1o se prev\u00e9 la participaci\u00f3n de 8 mil personas entre clubes, organizaciones, asociaciones y ciudadanos en general.<\/p>\n","protected":false},"excerpt":{"rendered":"<p>Dar\u00edo Pale Xalapa, Ver.- Invitan a la ciudadan\u00eda para que participe en la sexta edici\u00f3n del Paseo de Catrinas 2022, el cual se realizar\u00e1 el 22 de octubre a las 6 de la tarde en las principales calles del centro de Xalapa. En conferencia de prensa Leonardo Ruiz, presidente de Orgullo Xalapa y junto con [&hellip;]<\/p>\n","protected":false},"author":1,"featured_media":32337,"comment_status":"open","ping_status":"open","sticky":false,"template":"","format":"standard","meta":{"_jetpack_memberships_contains_paid_content":false,"footnotes":""},"categories":[3],"tags":[],"class_list":["post-32336","post","type-post","status-publish","format-standard","has-post-thumbnail","hentry","category-xalapa"],"jetpack_featured_media_url":"https:\/\/encuentroinformativo.com.mx\/wp-content\/uploads\/2022\/10\/BFD75F18-E548-4DD8-B463-1761181C2615.jpeg","jetpack_sharing_enabled":true,"jetpack_likes_enabled":true,"amp_enabled":true,"_links":{"self":[{"href":"https:\/\/encuentroinformativo.com.mx\/index.php?rest_route=\/wp\/v2\/posts\/32336","targetHints":{"allow":["GET"]}}],"collection":[{"href":"https:\/\/encuentroinformativo.com.mx\/index.php?rest_route=\/wp\/v2\/posts"}],"about":[{"href":"https:\/\/encuentroinformativo.com.mx\/index.php?rest_route=\/wp\/v2\/types\/post"}],"author":[{"embeddable":true,"href":"https:\/\/encuentroinformativo.com.mx\/index.php?rest_route=\/wp\/v2\/users\/1"}],"replies":[{"embeddable":true,"href":"https:\/\/encuentroinformativo.com.mx\/index.php?rest_route=%2Fwp%2Fv2%2Fcomments&post=32336"}],"version-history":[{"count":1,"href":"https:\/\/encuentroinformativo.com.mx\/index.php?rest_route=\/wp\/v2\/posts\/32336\/revisions"}],"predecessor-version":[{"id":32338,"href":"https:\/\/encuentroinformativo.com.mx\/index.php?rest_route=\/wp\/v2\/posts\/32336\/revisions\/32338"}],"wp:featuredmedia":[{"embeddable":true,"href":"https:\/\/encuentroinformativo.com.mx\/index.php?rest_route=\/wp\/v2\/media\/32337"}],"wp:attachment":[{"href":"https:\/\/encuentroinformativo.com.mx\/index.php?rest_route=%2Fwp%2Fv2%2Fmedia&parent=32336"}],"wp:term":[{"taxonomy":"category","embeddable":true,"href":"https:\/\/encuentroinformativo.com.mx\/index.php?rest_route=%2Fwp%2Fv2%2Fcategories&post=32336"},{"taxonomy":"post_tag","embeddable":true,"href":"https:\/\/encuentroinformativo.com.mx\/index.php?rest_route=%2Fwp%2Fv2%2Ftags&post=32336"}],"curies":[{"name":"wp","href":"https:\/\/api.w.org\/{rel}","templated":true}]}}