{"id":32339,"date":"2022-10-05T14:35:20","date_gmt":"2022-10-05T19:35:20","guid":{"rendered":"https:\/\/encuentroinformativo.com.mx\/?p=32339"},"modified":"2022-10-05T14:35:23","modified_gmt":"2022-10-05T19:35:23","slug":"reprueba-red-de-periodistas-liberacion-de-presuntos-homicidas-de-jacinto-romero","status":"publish","type":"post","link":"https:\/\/encuentroinformativo.com.mx\/?p=32339","title":{"rendered":"Reprueba Red de Periodistas liberaci\u00f3n de presuntos homicidas de Jacinto Romero"},"content":{"rendered":"\n<p><strong>Juan Arcos <\/strong><\/p>\n\n\n\n<p>Xalapa, Ver.- La Red en Memoria y Lucha de Periodistas Asesinados o Desaparecidos reprob\u00f3 la resoluci\u00f3n del Segundo Tribunal Colegiado en Materia Penal que puso en libertad a tres de los presuntos implicados en el crimen de Jacinto Romero Flores, periodista asesinado en el municipio de Ixtaczoquitl\u00e1n, el 19 de agosto de 2021.<\/p>\n\n\n\n<p>La agrupaci\u00f3n emiti\u00f3 un desplegado dirigido al presidente de M\u00e9xico, Andr\u00e9s Manuel L\u00f3pez Obrador; al gobernador de Veracruz, Cuitl\u00e1huac Garc\u00eda Jim\u00e9nez; a la Comisi\u00f3n Estatal para la Atenci\u00f3n y Protecci\u00f3n de los Periodistas (CEAPP); y a la Fiscal\u00eda General del Estado de Veracruz (FGE).<\/p>\n\n\n\n<p>Los integrantes de esta red se solidarizaron con la familia de Jacinto Romero, quien fue asesinado a balazos en la zona centro del estado de Veracruz.<\/p>\n\n\n\n<p>\u201cComo hemos expresado anteriormente, los casos de periodistas asesinados en el Estado de Veracruz contin\u00faan en la impunidad. El paso del tiempo refuerza la urgencia de un cambio en el aparato de justicia\u201d, indicaron.<\/p>\n\n\n\n<p>Tambi\u00e9n hicieron un energ\u00e9tico llamado a la Comisi\u00f3n Estatal para la Atenci\u00f3n y Protecci\u00f3n de los Periodistas (CEAPP) para que refuerce las medidas de protecci\u00f3n a la familia del periodista y garantice su seguridad.<\/p>\n\n\n\n<p>De igual manera, exhortaron a la FGE, a cargo de Ver\u00f3nica Hern\u00e1ndez Giad\u00e1ns, a que realice una investigaci\u00f3n seria y real para que los implicados en el asesinado de Jacinto Romero rindan cuentas ante la justicia.<\/p>\n\n\n\n<p>Adem\u00e1s, recordaron a las autoridades estatales y federales que los casos de los periodistas asesinados en Veracruz contin\u00faan en la impunidad.<\/p>\n\n\n\n<p>El Segundo Tribunal Colegiado enMateria Penal dej\u00f3 sin efecto lasvinculaciones a proceso contra Ana LauraRosas Rodr\u00edguez, Casto EmilioHern\u00e1ndez S\u00e1nchez y Roberto TrinidadGonz\u00e1lez Cruz, este \u00faltimo excandidato aregidor del Movimiento de Regeneraci\u00f3n Nacional (Morena) en Ixtaczoquitl\u00e1n.<\/p>\n\n\n\n<p>Los tres habiendo sido se\u00f1alados delhomicidio del reportero y locutor de la radiodifusora Oriestereo 99.3 FM; sin embargo, a principios de esta semana quedaron en libertad.<\/p>\n","protected":false},"excerpt":{"rendered":"<p>Juan Arcos Xalapa, Ver.- La Red en Memoria y Lucha de Periodistas Asesinados o Desaparecidos reprob\u00f3 la resoluci\u00f3n del Segundo Tribunal Colegiado en Materia Penal que puso en libertad a tres de los presuntos implicados en el crimen de Jacinto Romero Flores, periodista asesinado en el municipio de Ixtaczoquitl\u00e1n, el 19 de agosto de 2021. [&hellip;]<\/p>\n","protected":false},"author":1,"featured_media":32340,"comment_status":"open","ping_status":"open","sticky":false,"template":"","format":"standard","meta":{"_jetpack_memberships_contains_paid_content":false,"footnotes":""},"categories":[2],"tags":[],"class_list":["post-32339","post","type-post","status-publish","format-standard","has-post-thumbnail","hentry","category-estado"],"jetpack_featured_media_url":"https:\/\/encuentroinformativo.com.mx\/wp-content\/uploads\/2022\/10\/1F6F53B8-AC32-4CA4-A9F4-4CC794CF5415.jpeg","jetpack_sharing_enabled":true,"jetpack_likes_enabled":true,"amp_enabled":true,"_links":{"self":[{"href":"https:\/\/encuentroinformativo.com.mx\/index.php?rest_route=\/wp\/v2\/posts\/32339","targetHints":{"allow":["GET"]}}],"collection":[{"href":"https:\/\/encuentroinformativo.com.mx\/index.php?rest_route=\/wp\/v2\/posts"}],"about":[{"href":"https:\/\/encuentroinformativo.com.mx\/index.php?rest_route=\/wp\/v2\/types\/post"}],"author":[{"embeddable":true,"href":"https:\/\/encuentroinformativo.com.mx\/index.php?rest_route=\/wp\/v2\/users\/1"}],"replies":[{"embeddable":true,"href":"https:\/\/encuentroinformativo.com.mx\/index.php?rest_route=%2Fwp%2Fv2%2Fcomments&post=32339"}],"version-history":[{"count":1,"href":"https:\/\/encuentroinformativo.com.mx\/index.php?rest_route=\/wp\/v2\/posts\/32339\/revisions"}],"predecessor-version":[{"id":32341,"href":"https:\/\/encuentroinformativo.com.mx\/index.php?rest_route=\/wp\/v2\/posts\/32339\/revisions\/32341"}],"wp:featuredmedia":[{"embeddable":true,"href":"https:\/\/encuentroinformativo.com.mx\/index.php?rest_route=\/wp\/v2\/media\/32340"}],"wp:attachment":[{"href":"https:\/\/encuentroinformativo.com.mx\/index.php?rest_route=%2Fwp%2Fv2%2Fmedia&parent=32339"}],"wp:term":[{"taxonomy":"category","embeddable":true,"href":"https:\/\/encuentroinformativo.com.mx\/index.php?rest_route=%2Fwp%2Fv2%2Fcategories&post=32339"},{"taxonomy":"post_tag","embeddable":true,"href":"https:\/\/encuentroinformativo.com.mx\/index.php?rest_route=%2Fwp%2Fv2%2Ftags&post=32339"}],"curies":[{"name":"wp","href":"https:\/\/api.w.org\/{rel}","templated":true}]}}