{"id":32342,"date":"2022-10-05T14:38:21","date_gmt":"2022-10-05T19:38:21","guid":{"rendered":"https:\/\/encuentroinformativo.com.mx\/?p=32342"},"modified":"2022-10-05T14:38:25","modified_gmt":"2022-10-05T19:38:25","slug":"impiden-granaderos-venta-de-comerciantes-en-malecon-de-veracruz","status":"publish","type":"post","link":"https:\/\/encuentroinformativo.com.mx\/?p=32342","title":{"rendered":"Impiden granaderos venta de comerciantes en Malec\u00f3n de Veracruz"},"content":{"rendered":"\n<p><strong>Alejandro \u00c1vila<\/strong><\/p>\n\n\n\n<p>Veracruz, Ver.- La tarde de este mi\u00e9rcoles granaderos antimotines impidieron que comerciantes de la explanada del malec\u00f3n se colocar\u00e1n para iniciar con su d\u00eda de venta.<\/p>\n\n\n\n<p>\u00c1ngel Monroy Flores, comerciante de lugar, mencion\u00f3 que, el pasado domingo la direcci\u00f3n de Comercio les solicit\u00f3 dejar de laborar por 2 d\u00edas, ya que el lunes se realizar\u00edan los ensayos del desfile por el D\u00eda de la Marina, el cual se llev\u00f3 a cabo este martes 4 de octubre.<\/p>\n\n\n\n<p>Cerca de 500 comerciantes se dispon\u00edan a iniciar con sus labores de venta este mi\u00e9rcoles, cu\u00e1ndo fueron sorprendidos por los granaderos antimotines, qui\u00e9nes les impidieron colocarse en la explanada de la nacroplaza del malec\u00f3n.<\/p>\n\n\n\n<p>Los vendedores dijeron desconocer el motivo por el cual no les permiten trabajar, ya que aseguran cuentan con todos sus permisos en regla, pues al Ayuntamiento de Veracruz le han pagado su carnet para trabajar y el costo por la recolecci\u00f3n de basura.<\/p>\n\n\n\n<p>&#8220;Somos alrededor de 500 vendedores, 500 vendedores que de cada uno depende una familia, entonces estamos hablando de mucha m\u00e1s gente, la mayor\u00eda de nosotros tenemos aqu\u00ed m\u00e1s de 20 a\u00f1os, y de alguna manera todos hemos subsistido de esto, nosotros venimos de una pandemia, la mayor\u00eda de nosotros estamos totalmente endrogados, tanto con mercanc\u00eda como con cuestiones personales, no es posible que el d\u00eda de hoy nos hagan esto. Ahora, nosotros actuamos de buena fe, nos quitamos de buena fe el d\u00eda domingo, no hubo necesidad de que nos enga\u00f1aran con esto&#8221;, remat\u00f3.<\/p>\n\n\n\n<p>Los comerciantes de la zona del malec\u00f3n mencionaron que no se mover\u00e1n de lugar a pesar de que el grupo de granaderos antimotines los amedrente.<\/p>\n\n\n\n<figure class=\"wp-block-image size-large\"><img loading=\"lazy\" decoding=\"async\" width=\"1024\" height=\"576\" src=\"https:\/\/encuentroinformativo.com.mx\/wp-content\/uploads\/2022\/10\/65BCF832-4B66-457C-B9E3-CDD4D71802AE-1024x576.jpeg\" alt=\"\" class=\"wp-image-32344\" srcset=\"https:\/\/encuentroinformativo.com.mx\/wp-content\/uploads\/2022\/10\/65BCF832-4B66-457C-B9E3-CDD4D71802AE-1024x576.jpeg 1024w, https:\/\/encuentroinformativo.com.mx\/wp-content\/uploads\/2022\/10\/65BCF832-4B66-457C-B9E3-CDD4D71802AE-300x169.jpeg 300w, https:\/\/encuentroinformativo.com.mx\/wp-content\/uploads\/2022\/10\/65BCF832-4B66-457C-B9E3-CDD4D71802AE-768x432.jpeg 768w, https:\/\/encuentroinformativo.com.mx\/wp-content\/uploads\/2022\/10\/65BCF832-4B66-457C-B9E3-CDD4D71802AE.jpeg 1280w\" sizes=\"auto, (max-width: 1024px) 100vw, 1024px\" \/><\/figure>\n","protected":false},"excerpt":{"rendered":"<p>Alejandro \u00c1vila Veracruz, Ver.- La tarde de este mi\u00e9rcoles granaderos antimotines impidieron que comerciantes de la explanada del malec\u00f3n se colocar\u00e1n para iniciar con su d\u00eda de venta. \u00c1ngel Monroy Flores, comerciante de lugar, mencion\u00f3 que, el pasado domingo la direcci\u00f3n de Comercio les solicit\u00f3 dejar de laborar por 2 d\u00edas, ya que el lunes [&hellip;]<\/p>\n","protected":false},"author":1,"featured_media":32343,"comment_status":"open","ping_status":"open","sticky":false,"template":"","format":"standard","meta":{"_jetpack_memberships_contains_paid_content":false,"footnotes":""},"categories":[2],"tags":[],"class_list":["post-32342","post","type-post","status-publish","format-standard","has-post-thumbnail","hentry","category-estado"],"jetpack_featured_media_url":"https:\/\/encuentroinformativo.com.mx\/wp-content\/uploads\/2022\/10\/5B154D8F-3649-4380-B324-386C3DC9F9B7.jpeg","jetpack_sharing_enabled":true,"jetpack_likes_enabled":true,"amp_enabled":true,"_links":{"self":[{"href":"https:\/\/encuentroinformativo.com.mx\/index.php?rest_route=\/wp\/v2\/posts\/32342","targetHints":{"allow":["GET"]}}],"collection":[{"href":"https:\/\/encuentroinformativo.com.mx\/index.php?rest_route=\/wp\/v2\/posts"}],"about":[{"href":"https:\/\/encuentroinformativo.com.mx\/index.php?rest_route=\/wp\/v2\/types\/post"}],"author":[{"embeddable":true,"href":"https:\/\/encuentroinformativo.com.mx\/index.php?rest_route=\/wp\/v2\/users\/1"}],"replies":[{"embeddable":true,"href":"https:\/\/encuentroinformativo.com.mx\/index.php?rest_route=%2Fwp%2Fv2%2Fcomments&post=32342"}],"version-history":[{"count":1,"href":"https:\/\/encuentroinformativo.com.mx\/index.php?rest_route=\/wp\/v2\/posts\/32342\/revisions"}],"predecessor-version":[{"id":32345,"href":"https:\/\/encuentroinformativo.com.mx\/index.php?rest_route=\/wp\/v2\/posts\/32342\/revisions\/32345"}],"wp:featuredmedia":[{"embeddable":true,"href":"https:\/\/encuentroinformativo.com.mx\/index.php?rest_route=\/wp\/v2\/media\/32343"}],"wp:attachment":[{"href":"https:\/\/encuentroinformativo.com.mx\/index.php?rest_route=%2Fwp%2Fv2%2Fmedia&parent=32342"}],"wp:term":[{"taxonomy":"category","embeddable":true,"href":"https:\/\/encuentroinformativo.com.mx\/index.php?rest_route=%2Fwp%2Fv2%2Fcategories&post=32342"},{"taxonomy":"post_tag","embeddable":true,"href":"https:\/\/encuentroinformativo.com.mx\/index.php?rest_route=%2Fwp%2Fv2%2Ftags&post=32342"}],"curies":[{"name":"wp","href":"https:\/\/api.w.org\/{rel}","templated":true}]}}