{"id":32346,"date":"2022-10-05T14:40:51","date_gmt":"2022-10-05T19:40:51","guid":{"rendered":"https:\/\/encuentroinformativo.com.mx\/?p=32346"},"modified":"2022-10-05T14:40:54","modified_gmt":"2022-10-05T19:40:54","slug":"orfis-documenta-presunto-dano-patrimonial-en-medellin-de-bravo","status":"publish","type":"post","link":"https:\/\/encuentroinformativo.com.mx\/?p=32346","title":{"rendered":"ORFIS documenta presunto da\u00f1o patrimonial en Medell\u00edn de Bravo"},"content":{"rendered":"\n<p><strong>Alejandro \u00c1vila<\/strong><\/p>\n\n\n\n<p>Veracruz, Ver.- El \u00d3rgano de Fiscalizaci\u00f3n Superior (ORFIS) de Veracruz registr\u00f3 que, durante los cuatro a\u00f1os de administraci\u00f3n del panista, Hip\u00f3lito Deschamps Espino Barros, hubo un presunto da\u00f1o patrimonial por 93 millones de pesos.<\/p>\n\n\n\n<p>Este reporte se desprende de la revisi\u00f3n de las Cuentas P\u00fablicas de los a\u00f1os 2018, 2019, 2020 y 2021, hasta el momento se menciona que, las observaciones hechas por el ORFIS no han sido solventadas.<\/p>\n\n\n\n<p>Cabe destacar que, este presunto da\u00f1o patrimonial en Medell\u00edn de Bravo, representa el 75 por ciento de un a\u00f1o de presupuesto en dicho municipio.<\/p>\n\n\n\n<p>Sobre esta situaci\u00f3n ya hab\u00eda alertado el actual alcalde, Marcos Isle\u00f1o Andrade, qui\u00e9n durante el primer trimestre del 2022, realiz\u00f3 denuncias en contra del panista por peculado, incumplimiento de un deber legal y abuso autoridad.<\/p>\n\n\n\n<p>Seg\u00fan la documentaci\u00f3n del ORFIS, durante su primer a\u00f1o de administraci\u00f3n, es decir en el 2018, el presunto da\u00f1o patrimonial apenas superaba el mill\u00f3n de pesos; para el 2019, el presunto da\u00f1o patrimonial aumentar\u00eda a poco m\u00e1s de los 11 millones de pesos, cifra similar se dio en el 2020; sin embargo, para el 2021, en el \u00faltimo a\u00f1o de trabajo, el presunto da\u00f1o patrimonial casi llegar\u00eda a los 70 millones de pesos.<\/p>\n","protected":false},"excerpt":{"rendered":"<p>Alejandro \u00c1vila Veracruz, Ver.- El \u00d3rgano de Fiscalizaci\u00f3n Superior (ORFIS) de Veracruz registr\u00f3 que, durante los cuatro a\u00f1os de administraci\u00f3n del panista, Hip\u00f3lito Deschamps Espino Barros, hubo un presunto da\u00f1o patrimonial por 93 millones de pesos. Este reporte se desprende de la revisi\u00f3n de las Cuentas P\u00fablicas de los a\u00f1os 2018, 2019, 2020 y 2021, [&hellip;]<\/p>\n","protected":false},"author":1,"featured_media":32347,"comment_status":"open","ping_status":"open","sticky":false,"template":"","format":"standard","meta":{"_jetpack_memberships_contains_paid_content":false,"footnotes":""},"categories":[2],"tags":[],"class_list":["post-32346","post","type-post","status-publish","format-standard","has-post-thumbnail","hentry","category-estado"],"jetpack_featured_media_url":"https:\/\/encuentroinformativo.com.mx\/wp-content\/uploads\/2022\/10\/D63FF388-5F62-4551-B9C7-503108D53D7C.jpeg","jetpack_sharing_enabled":true,"jetpack_likes_enabled":true,"amp_enabled":true,"_links":{"self":[{"href":"https:\/\/encuentroinformativo.com.mx\/index.php?rest_route=\/wp\/v2\/posts\/32346","targetHints":{"allow":["GET"]}}],"collection":[{"href":"https:\/\/encuentroinformativo.com.mx\/index.php?rest_route=\/wp\/v2\/posts"}],"about":[{"href":"https:\/\/encuentroinformativo.com.mx\/index.php?rest_route=\/wp\/v2\/types\/post"}],"author":[{"embeddable":true,"href":"https:\/\/encuentroinformativo.com.mx\/index.php?rest_route=\/wp\/v2\/users\/1"}],"replies":[{"embeddable":true,"href":"https:\/\/encuentroinformativo.com.mx\/index.php?rest_route=%2Fwp%2Fv2%2Fcomments&post=32346"}],"version-history":[{"count":1,"href":"https:\/\/encuentroinformativo.com.mx\/index.php?rest_route=\/wp\/v2\/posts\/32346\/revisions"}],"predecessor-version":[{"id":32348,"href":"https:\/\/encuentroinformativo.com.mx\/index.php?rest_route=\/wp\/v2\/posts\/32346\/revisions\/32348"}],"wp:featuredmedia":[{"embeddable":true,"href":"https:\/\/encuentroinformativo.com.mx\/index.php?rest_route=\/wp\/v2\/media\/32347"}],"wp:attachment":[{"href":"https:\/\/encuentroinformativo.com.mx\/index.php?rest_route=%2Fwp%2Fv2%2Fmedia&parent=32346"}],"wp:term":[{"taxonomy":"category","embeddable":true,"href":"https:\/\/encuentroinformativo.com.mx\/index.php?rest_route=%2Fwp%2Fv2%2Fcategories&post=32346"},{"taxonomy":"post_tag","embeddable":true,"href":"https:\/\/encuentroinformativo.com.mx\/index.php?rest_route=%2Fwp%2Fv2%2Ftags&post=32346"}],"curies":[{"name":"wp","href":"https:\/\/api.w.org\/{rel}","templated":true}]}}