{"id":32356,"date":"2022-10-06T09:36:21","date_gmt":"2022-10-06T14:36:21","guid":{"rendered":"https:\/\/encuentroinformativo.com.mx\/?p=32356"},"modified":"2022-10-06T09:36:26","modified_gmt":"2022-10-06T14:36:26","slug":"pan-mc","status":"publish","type":"post","link":"https:\/\/encuentroinformativo.com.mx\/?p=32356","title":{"rendered":"\u00bfPAN-MC?"},"content":{"rendered":"\n<p><strong>Los Pol\u00edticos<\/strong><\/p>\n\n\n\n<p><strong>Salvador Mu\u00f1oz<\/strong><\/p>\n\n\n\n<p>El pasado martes, en el Senado, de cierto modo se quebr\u00f3 ese bloque de contenci\u00f3n que la entonces Oposici\u00f3n conformada por PAN, PRI, PRD, Movimiento Ciudadano, logr\u00f3 armar en 2018\u2026 bast\u00f3 que el PRI y el PRD \u201cflaquearan\u201d para que el trabajo pol\u00edtico de cuatro a\u00f1os se viniera abajo.<\/p>\n\n\n\n<p>Por supuesto, PRD y PRI podr\u00e1n dar los mejores argumentos para que desde sus esca\u00f1os, votaran a favor de las reformas constitucionales para extender hasta 2028 el uso de las Fuerzas Armadas en tareas de seguridad p\u00fablica\u2026<\/p>\n\n\n\n<p>Lo cierto es que tras este martes negro para la Oposici\u00f3n, uno ve m\u00e1s endeble esa Alianza Legislativa que tanto defiende Marko Cort\u00e9s\u2026 o m\u00e1s bien, a la que tanto se aferra, sabr\u00e1 Dios el porqu\u00e9.<\/p>\n\n\n\n<p>De cierto modo, como que se quiere cristalizar esa leyenda negra que desde el 2016 y 2018 empezaba a sonar, ya fuera a nivel nacional como local, aqu\u00ed en Veracruz: el PRI-Mor.<\/p>\n\n\n\n<p>\u00bfRecuerdan a H\u00e9ctor Yunes se\u00f1alando a Javier Duarte de apoyar a Cuitl\u00e1huac? \u00bfRecuerdan el papel de los legisladores del PRI de la pasada Legislatura coqueteando con Morena?<\/p>\n\n\n\n<p>\u00a1Vamos! No hasta en una entrevista al entonces diputado pri\u00edsta Jorge Moreno Salinas, \u00e9ste declaraba que si hubiera la oportunidad del otrora Partidazo para hacer alianza con Morena, se tendr\u00eda que hacer\u2026 \u201cYo soy priista, pero he coincidido en temas con Morena en el Congreso\u201d&#8230; y lo demostr\u00f3 cuantas veces fueran necesarias.<\/p>\n\n\n\n<p>Digo, no se trata de ser \u201cContreras\u201d nom\u00e1s porque s\u00ed, pero al interior de partidos, militancia, ideolog\u00eda, se pretende que sean \u201ccongruentes\u201d con la camiseta de \u201cOposici\u00f3n\u201d.<\/p>\n\n\n\n<p>Hace unos d\u00edas, el mismo Moreno Salinas (quien en sus apellidos hay paradoja) hablaba de aliarse con Morena ante la crisis que viv\u00eda el partido\u2026 algo as\u00ed como a situaciones extremas, medidas extremas\u2026 o lo que en buen cristiano se dir\u00eda: \u00a1A chingar su madre la ideolog\u00eda! \u00a1Hay que sobrevivir!<\/p>\n\n\n\n<p>Hay quienes se escandalizaron con la sola menci\u00f3n de esta alianza, de este PRI-Mor\u2026 \u00a1por Dios! pero hemos visto pasar la alianza PAN-PRD\u2026 hemos visto pasar la alianza PAN-PRI-PRD\u2026 hemos visto pasar la alianza hombre con hombre y mujer con mujer\u2026 \u00bfy se escandalizan con la posibilidad de que el PRI-Mor se haga realidad?<\/p>\n\n\n\n<p>A lo mejor sea muy aventurado hablar del PRI-Mor y sea m\u00e1s prudente mejor hablar del PAN y de Movimiento Ciudadano, partidos que en sus esca\u00f1os de la C\u00e1mara Alta, se quedaron chiflando en la loma\u2026<\/p>\n\n\n\n<p>\u00bfSer\u00e1 tiempo pues, para que estos partidos, Acci\u00f3n Nacional y Movimiento Ciudadano, vayan pensando en la combinaci\u00f3n de fuerzas?<\/p>\n\n\n\n<p>La idea de esta alianza no es nueva, al menos en Veracruz\u2026 en el 2018 participaron juntos con el PRD\u2026 a nivel nacional creo que ser\u00eda la primera vez que se pensara en ello\u2026 digo, las circunstancias que se vivieron recientemente en las curules federales y luego en los esca\u00f1os, y con dos a\u00f1os aproximados para ir conformando una nueva Oposici\u00f3n que aglutine a esos pri\u00edstas y perredistas que est\u00e9n inconformes con sus dirigencias y\/o representantes en las m\u00e1ximas tribunas, obligan a pensar en ello\u2026<\/p>\n\n\n\n<p>S\u00ed, uno recuerda al menos en Veracruz, que su dirigente, Sergio Gil Rull\u00e1n, est\u00e1 firmemente casado con la idea de ir solos al 2024\u2026 pero las circunstancias pueden obligar a dar un golpe de tim\u00f3n en el Altiplano porque as\u00ed, despu\u00e9s de que la Alianza Legislativa valiera cacahuate, es necesario reconfigurar la agenda y ver qu\u00e9 tanto conviene mantener aliados o hacer nuevos aliados\u2026 a lo mejor, de la alianza Azul y Naranja, m\u00e1s que marr\u00f3n salga una aut\u00e9ntica Oposici\u00f3n\u2026 a lo mejor\u2026<\/p>\n","protected":false},"excerpt":{"rendered":"<p>Los Pol\u00edticos Salvador Mu\u00f1oz El pasado martes, en el Senado, de cierto modo se quebr\u00f3 ese bloque de contenci\u00f3n que la entonces Oposici\u00f3n conformada por PAN, PRI, PRD, Movimiento Ciudadano, logr\u00f3 armar en 2018\u2026 bast\u00f3 que el PRI y el PRD \u201cflaquearan\u201d para que el trabajo pol\u00edtico de cuatro a\u00f1os se viniera abajo. Por supuesto, [&hellip;]<\/p>\n","protected":false},"author":1,"featured_media":387,"comment_status":"open","ping_status":"open","sticky":false,"template":"","format":"standard","meta":{"_jetpack_memberships_contains_paid_content":false,"footnotes":""},"categories":[11],"tags":[],"class_list":["post-32356","post","type-post","status-publish","format-standard","has-post-thumbnail","hentry","category-opinion"],"jetpack_featured_media_url":"https:\/\/encuentroinformativo.com.mx\/wp-content\/uploads\/2020\/03\/7CF8A22B-2764-47BE-8F7F-38FE9E5D6A2F.jpeg","jetpack_sharing_enabled":true,"jetpack_likes_enabled":true,"amp_enabled":true,"_links":{"self":[{"href":"https:\/\/encuentroinformativo.com.mx\/index.php?rest_route=\/wp\/v2\/posts\/32356","targetHints":{"allow":["GET"]}}],"collection":[{"href":"https:\/\/encuentroinformativo.com.mx\/index.php?rest_route=\/wp\/v2\/posts"}],"about":[{"href":"https:\/\/encuentroinformativo.com.mx\/index.php?rest_route=\/wp\/v2\/types\/post"}],"author":[{"embeddable":true,"href":"https:\/\/encuentroinformativo.com.mx\/index.php?rest_route=\/wp\/v2\/users\/1"}],"replies":[{"embeddable":true,"href":"https:\/\/encuentroinformativo.com.mx\/index.php?rest_route=%2Fwp%2Fv2%2Fcomments&post=32356"}],"version-history":[{"count":1,"href":"https:\/\/encuentroinformativo.com.mx\/index.php?rest_route=\/wp\/v2\/posts\/32356\/revisions"}],"predecessor-version":[{"id":32357,"href":"https:\/\/encuentroinformativo.com.mx\/index.php?rest_route=\/wp\/v2\/posts\/32356\/revisions\/32357"}],"wp:featuredmedia":[{"embeddable":true,"href":"https:\/\/encuentroinformativo.com.mx\/index.php?rest_route=\/wp\/v2\/media\/387"}],"wp:attachment":[{"href":"https:\/\/encuentroinformativo.com.mx\/index.php?rest_route=%2Fwp%2Fv2%2Fmedia&parent=32356"}],"wp:term":[{"taxonomy":"category","embeddable":true,"href":"https:\/\/encuentroinformativo.com.mx\/index.php?rest_route=%2Fwp%2Fv2%2Fcategories&post=32356"},{"taxonomy":"post_tag","embeddable":true,"href":"https:\/\/encuentroinformativo.com.mx\/index.php?rest_route=%2Fwp%2Fv2%2Ftags&post=32356"}],"curies":[{"name":"wp","href":"https:\/\/api.w.org\/{rel}","templated":true}]}}