{"id":32367,"date":"2022-10-06T13:20:58","date_gmt":"2022-10-06T18:20:58","guid":{"rendered":"https:\/\/encuentroinformativo.com.mx\/?p=32367"},"modified":"2022-10-06T13:21:21","modified_gmt":"2022-10-06T18:21:21","slug":"solicitan-auditoria-para-ayuntamiento-de-ayahualulco","status":"publish","type":"post","link":"https:\/\/encuentroinformativo.com.mx\/?p=32367","title":{"rendered":"Solicitan auditor\u00eda para Ayuntamiento de Ayahualulco"},"content":{"rendered":"\n<p>Xalapa, Ver.- Un grupo de pobladores de Ayahualulco llegaron a Plaza Lerdo para pedir que se realice una auditor\u00eda a la administraci\u00f3n del alcalde Jos\u00e9 Arturo Morales Rosas.<\/p>\n\n\n\n<p>Los inconformes acusan al edil de llevar una mala administraci\u00f3n municipal ya que comentaron que la flotilla vehicular como carros de carga y maquinaria se ha desaparecido, adem\u00e1s de que no hay gobernabilidad en el municipio donde la polic\u00eda municipal a sido rebasada por la delincuencia.<\/p>\n\n\n\n<p>Los habitantes hacen un llamado a que llegue la Guardia Nacional y el Ej\u00e9rcito.<br><\/p>\n\n\n\n<figure class=\"wp-block-image size-large\"><img loading=\"lazy\" decoding=\"async\" width=\"1024\" height=\"683\" src=\"https:\/\/encuentroinformativo.com.mx\/wp-content\/uploads\/2022\/10\/6F29D529-DA4E-4AF6-8C03-444CABE88E8A-1024x683.jpeg\" alt=\"\" class=\"wp-image-32369\" srcset=\"https:\/\/encuentroinformativo.com.mx\/wp-content\/uploads\/2022\/10\/6F29D529-DA4E-4AF6-8C03-444CABE88E8A-1024x683.jpeg 1024w, https:\/\/encuentroinformativo.com.mx\/wp-content\/uploads\/2022\/10\/6F29D529-DA4E-4AF6-8C03-444CABE88E8A-300x200.jpeg 300w, https:\/\/encuentroinformativo.com.mx\/wp-content\/uploads\/2022\/10\/6F29D529-DA4E-4AF6-8C03-444CABE88E8A-768x512.jpeg 768w, https:\/\/encuentroinformativo.com.mx\/wp-content\/uploads\/2022\/10\/6F29D529-DA4E-4AF6-8C03-444CABE88E8A.jpeg 1488w\" sizes=\"auto, (max-width: 1024px) 100vw, 1024px\" \/><\/figure>\n","protected":false},"excerpt":{"rendered":"<p>Xalapa, Ver.- Un grupo de pobladores de Ayahualulco llegaron a Plaza Lerdo para pedir que se realice una auditor\u00eda a la administraci\u00f3n del alcalde Jos\u00e9 Arturo Morales Rosas. Los inconformes acusan al edil de llevar una mala administraci\u00f3n municipal ya que comentaron que la flotilla vehicular como carros de carga y maquinaria se ha desaparecido, [&hellip;]<\/p>\n","protected":false},"author":1,"featured_media":32368,"comment_status":"open","ping_status":"open","sticky":false,"template":"","format":"standard","meta":{"_jetpack_memberships_contains_paid_content":false,"footnotes":""},"categories":[8],"tags":[],"class_list":["post-32367","post","type-post","status-publish","format-standard","has-post-thumbnail","hentry","category-region"],"jetpack_featured_media_url":"https:\/\/encuentroinformativo.com.mx\/wp-content\/uploads\/2022\/10\/C58B9D37-5773-4257-B70B-81C68998940E.jpeg","jetpack_sharing_enabled":true,"jetpack_likes_enabled":true,"amp_enabled":true,"_links":{"self":[{"href":"https:\/\/encuentroinformativo.com.mx\/index.php?rest_route=\/wp\/v2\/posts\/32367","targetHints":{"allow":["GET"]}}],"collection":[{"href":"https:\/\/encuentroinformativo.com.mx\/index.php?rest_route=\/wp\/v2\/posts"}],"about":[{"href":"https:\/\/encuentroinformativo.com.mx\/index.php?rest_route=\/wp\/v2\/types\/post"}],"author":[{"embeddable":true,"href":"https:\/\/encuentroinformativo.com.mx\/index.php?rest_route=\/wp\/v2\/users\/1"}],"replies":[{"embeddable":true,"href":"https:\/\/encuentroinformativo.com.mx\/index.php?rest_route=%2Fwp%2Fv2%2Fcomments&post=32367"}],"version-history":[{"count":1,"href":"https:\/\/encuentroinformativo.com.mx\/index.php?rest_route=\/wp\/v2\/posts\/32367\/revisions"}],"predecessor-version":[{"id":32370,"href":"https:\/\/encuentroinformativo.com.mx\/index.php?rest_route=\/wp\/v2\/posts\/32367\/revisions\/32370"}],"wp:featuredmedia":[{"embeddable":true,"href":"https:\/\/encuentroinformativo.com.mx\/index.php?rest_route=\/wp\/v2\/media\/32368"}],"wp:attachment":[{"href":"https:\/\/encuentroinformativo.com.mx\/index.php?rest_route=%2Fwp%2Fv2%2Fmedia&parent=32367"}],"wp:term":[{"taxonomy":"category","embeddable":true,"href":"https:\/\/encuentroinformativo.com.mx\/index.php?rest_route=%2Fwp%2Fv2%2Fcategories&post=32367"},{"taxonomy":"post_tag","embeddable":true,"href":"https:\/\/encuentroinformativo.com.mx\/index.php?rest_route=%2Fwp%2Fv2%2Ftags&post=32367"}],"curies":[{"name":"wp","href":"https:\/\/api.w.org\/{rel}","templated":true}]}}