{"id":3238,"date":"2020-06-10T17:08:44","date_gmt":"2020-06-10T22:08:44","guid":{"rendered":"https:\/\/encuentroinformativo.com\/?p=3238"},"modified":"2020-06-10T17:08:46","modified_gmt":"2020-06-10T22:08:46","slug":"ante-pandemia-prevalece-desinformacion-en-comunidad-sorda","status":"publish","type":"post","link":"https:\/\/encuentroinformativo.com.mx\/?p=3238","title":{"rendered":"Ante pandemia, prevalece desinformaci\u00f3n en comunidad sorda"},"content":{"rendered":"\n<p><strong>*Se requieren de m\u00e1s int\u00e9rpretes para la comunidad.<\/strong><\/p>\n\n\n\n<p><strong>Juan Arcos <\/strong><\/p>\n\n\n\n<p>Xalapa, Ver.- La comunidad sorda ha padecido desinformaci\u00f3n sobre la pandemia del Covid-19.<\/p>\n\n\n\n<p>As\u00ed lo consider\u00f3 el especialista en lenguaje de se\u00f1as, Roberto Aguilar Aguilar, quien adem\u00e1s reconoci\u00f3 que dicha situaci\u00f3n ocurre por la falta de int\u00e9rpretes.<\/p>\n\n\n\n<p>\u201cS\u00ed han tenido informaci\u00f3n pero es informaci\u00f3n equivocada, err\u00f3nea, mal, entre ellos mismos se dicen cosas por lo que vieron en redes sociales donde luego sacan mucha basura para sembrar temor\u201d.<\/p>\n\n\n\n<p>El entrevistado detall\u00f3 que en Xalapa hay m\u00e1s de 300 personas con discapacidad auditiva y solo cinco int\u00e9rpretes.<\/p>\n\n\n\n<p>Explic\u00f3 que para la comunidad sorda es dif\u00edcil entender conceptos, toda vez que su vocabulario es limitado.<\/p>\n\n\n\n<p>\u201cPor ejemplo, para nosotros una palabra que es muy com\u00fan para ellos es algo que no saben, a lo mejor ellos manejan la palabra auto, pero si tienen la palabra coche no saben que se trata de un auto\u201d.<\/p>\n\n\n\n<p>En ese sentido, Roberto Aguilar mencion\u00f3 que el gobierno o las instituciones oficiales deber\u00edan brindar informaci\u00f3n dirigida a dicho sector de la poblaci\u00f3n.<\/p>\n\n\n\n<p>\u201cEllos carecen de una informaci\u00f3n bien, veraz, no la tienen (por la falta de int\u00e9rpretes en el gobierno\u201d.<\/p>\n\n\n\n<p>Durante el D\u00eda Mundial del Lenguaje de Se\u00f1as, el int\u00e9rprete indic\u00f3 que en el estado y el pa\u00eds a\u00fan falta mucho por hacer para garantizar la inclusi\u00f3n social de las personas con discapacidad auditiva.<\/p>\n\n\n\n<p><strong>Foto: <\/strong>Redes Sociales <\/p>\n\n\n\n<p><\/p>\n","protected":false},"excerpt":{"rendered":"<p>*Se requieren de m\u00e1s int\u00e9rpretes para la comunidad. Juan Arcos Xalapa, Ver.- La comunidad sorda ha padecido desinformaci\u00f3n sobre la pandemia del Covid-19. As\u00ed lo consider\u00f3 el especialista en lenguaje de se\u00f1as, Roberto Aguilar Aguilar, quien adem\u00e1s reconoci\u00f3 que dicha situaci\u00f3n ocurre por la falta de int\u00e9rpretes. \u201cS\u00ed han tenido informaci\u00f3n pero es informaci\u00f3n equivocada, [&hellip;]<\/p>\n","protected":false},"author":1,"featured_media":3239,"comment_status":"open","ping_status":"open","sticky":false,"template":"","format":"standard","meta":{"_jetpack_memberships_contains_paid_content":false,"footnotes":""},"categories":[3],"tags":[],"class_list":["post-3238","post","type-post","status-publish","format-standard","has-post-thumbnail","hentry","category-xalapa"],"jetpack_featured_media_url":"https:\/\/encuentroinformativo.com.mx\/wp-content\/uploads\/2020\/06\/7BBB9684-80C9-4C4C-B540-E81D5E57EE43.jpeg","jetpack_sharing_enabled":true,"jetpack_likes_enabled":true,"amp_enabled":true,"_links":{"self":[{"href":"https:\/\/encuentroinformativo.com.mx\/index.php?rest_route=\/wp\/v2\/posts\/3238","targetHints":{"allow":["GET"]}}],"collection":[{"href":"https:\/\/encuentroinformativo.com.mx\/index.php?rest_route=\/wp\/v2\/posts"}],"about":[{"href":"https:\/\/encuentroinformativo.com.mx\/index.php?rest_route=\/wp\/v2\/types\/post"}],"author":[{"embeddable":true,"href":"https:\/\/encuentroinformativo.com.mx\/index.php?rest_route=\/wp\/v2\/users\/1"}],"replies":[{"embeddable":true,"href":"https:\/\/encuentroinformativo.com.mx\/index.php?rest_route=%2Fwp%2Fv2%2Fcomments&post=3238"}],"version-history":[{"count":1,"href":"https:\/\/encuentroinformativo.com.mx\/index.php?rest_route=\/wp\/v2\/posts\/3238\/revisions"}],"predecessor-version":[{"id":3240,"href":"https:\/\/encuentroinformativo.com.mx\/index.php?rest_route=\/wp\/v2\/posts\/3238\/revisions\/3240"}],"wp:featuredmedia":[{"embeddable":true,"href":"https:\/\/encuentroinformativo.com.mx\/index.php?rest_route=\/wp\/v2\/media\/3239"}],"wp:attachment":[{"href":"https:\/\/encuentroinformativo.com.mx\/index.php?rest_route=%2Fwp%2Fv2%2Fmedia&parent=3238"}],"wp:term":[{"taxonomy":"category","embeddable":true,"href":"https:\/\/encuentroinformativo.com.mx\/index.php?rest_route=%2Fwp%2Fv2%2Fcategories&post=3238"},{"taxonomy":"post_tag","embeddable":true,"href":"https:\/\/encuentroinformativo.com.mx\/index.php?rest_route=%2Fwp%2Fv2%2Ftags&post=3238"}],"curies":[{"name":"wp","href":"https:\/\/api.w.org\/{rel}","templated":true}]}}