{"id":32403,"date":"2022-10-07T13:29:31","date_gmt":"2022-10-07T18:29:31","guid":{"rendered":"https:\/\/encuentroinformativo.com.mx\/?p=32403"},"modified":"2022-10-07T13:29:35","modified_gmt":"2022-10-07T18:29:35","slug":"inicia-retiro-de-estructura-de-voladores-de-papantla-en-boca-del-rio","status":"publish","type":"post","link":"https:\/\/encuentroinformativo.com.mx\/?p=32403","title":{"rendered":"Inicia retiro de estructura de Voladores de Papantla en Boca del R\u00edo"},"content":{"rendered":"\n<p><strong>Alejandro \u00c1vila<\/strong><\/p>\n\n\n\n<p>Boca del R\u00edo, Ver.- A primera hora de este viernes, personal del Ayuntamiento de Boca del R\u00edo inici\u00f3 con el retiro del monumento en honor a los Voladores de Papantla, el cual se ubica en la glorieta d\u00f3nde convergen los bulevares &#8220;Manuel \u00c1vila Camacho&#8221; y &#8220;Adolfo Ruiz Cortines&#8221;.<\/p>\n\n\n\n<p>A decir del propio Ayuntamiento de Boca del R\u00edo, los trabajos para la nueva estructura que se va a colocar en el lugar deb\u00edan de iniciar esta misma semana; sin embargo, por los pron\u00f3sticos de posibles lluvias, las labores de remodelaci\u00f3n iniciar\u00e1n antes de la primer quincena octubre.<\/p>\n\n\n\n<p>Es de recordar que el pasado 14 de julio, el propio alcalde Juan Manuel Unanue Abascal dijo que el propio creador de la obra, Bernardo Luis Artasanchez fue el que dijo no que hab\u00eda las condiciones para rehabilitarla, pues el costo ser\u00eda muy elevado y rondar\u00eda entre los 12 y 14 millones de pesos.<\/p>\n\n\n\n<p>Ante esta situaci\u00f3n, el presidente municipal dijo que, en el lugar se har\u00eda un trabajo de jardiner\u00eda que tambi\u00e9n haga lucir el sitio.<\/p>\n\n\n\n<p>Al momento no se ha detallado cu\u00e1nto tiempo durar\u00edan los trabajos de nuevo atractivo visual en la glorieta, aunque se estima quede todo listo antes de que finalice el a\u00f1o.<\/p>\n","protected":false},"excerpt":{"rendered":"<p>Alejandro \u00c1vila Boca del R\u00edo, Ver.- A primera hora de este viernes, personal del Ayuntamiento de Boca del R\u00edo inici\u00f3 con el retiro del monumento en honor a los Voladores de Papantla, el cual se ubica en la glorieta d\u00f3nde convergen los bulevares &#8220;Manuel \u00c1vila Camacho&#8221; y &#8220;Adolfo Ruiz Cortines&#8221;. A decir del propio Ayuntamiento [&hellip;]<\/p>\n","protected":false},"author":1,"featured_media":32404,"comment_status":"open","ping_status":"open","sticky":false,"template":"","format":"standard","meta":{"_jetpack_memberships_contains_paid_content":false,"footnotes":""},"categories":[2],"tags":[],"class_list":["post-32403","post","type-post","status-publish","format-standard","has-post-thumbnail","hentry","category-estado"],"jetpack_featured_media_url":"https:\/\/encuentroinformativo.com.mx\/wp-content\/uploads\/2022\/10\/0CD0080E-2D2D-4924-BFE5-F227BC6F328C.jpeg","jetpack_sharing_enabled":true,"jetpack_likes_enabled":true,"amp_enabled":true,"_links":{"self":[{"href":"https:\/\/encuentroinformativo.com.mx\/index.php?rest_route=\/wp\/v2\/posts\/32403","targetHints":{"allow":["GET"]}}],"collection":[{"href":"https:\/\/encuentroinformativo.com.mx\/index.php?rest_route=\/wp\/v2\/posts"}],"about":[{"href":"https:\/\/encuentroinformativo.com.mx\/index.php?rest_route=\/wp\/v2\/types\/post"}],"author":[{"embeddable":true,"href":"https:\/\/encuentroinformativo.com.mx\/index.php?rest_route=\/wp\/v2\/users\/1"}],"replies":[{"embeddable":true,"href":"https:\/\/encuentroinformativo.com.mx\/index.php?rest_route=%2Fwp%2Fv2%2Fcomments&post=32403"}],"version-history":[{"count":1,"href":"https:\/\/encuentroinformativo.com.mx\/index.php?rest_route=\/wp\/v2\/posts\/32403\/revisions"}],"predecessor-version":[{"id":32405,"href":"https:\/\/encuentroinformativo.com.mx\/index.php?rest_route=\/wp\/v2\/posts\/32403\/revisions\/32405"}],"wp:featuredmedia":[{"embeddable":true,"href":"https:\/\/encuentroinformativo.com.mx\/index.php?rest_route=\/wp\/v2\/media\/32404"}],"wp:attachment":[{"href":"https:\/\/encuentroinformativo.com.mx\/index.php?rest_route=%2Fwp%2Fv2%2Fmedia&parent=32403"}],"wp:term":[{"taxonomy":"category","embeddable":true,"href":"https:\/\/encuentroinformativo.com.mx\/index.php?rest_route=%2Fwp%2Fv2%2Fcategories&post=32403"},{"taxonomy":"post_tag","embeddable":true,"href":"https:\/\/encuentroinformativo.com.mx\/index.php?rest_route=%2Fwp%2Fv2%2Ftags&post=32403"}],"curies":[{"name":"wp","href":"https:\/\/api.w.org\/{rel}","templated":true}]}}