{"id":32416,"date":"2022-10-07T15:17:49","date_gmt":"2022-10-07T20:17:49","guid":{"rendered":"https:\/\/encuentroinformativo.com.mx\/?p=32416"},"modified":"2022-10-07T15:17:52","modified_gmt":"2022-10-07T20:17:52","slug":"clausura-alcalde-jm-unanue-el-primer-ciclo-de-talleres-culturales-en-boca-del-rio","status":"publish","type":"post","link":"https:\/\/encuentroinformativo.com.mx\/?p=32416","title":{"rendered":"Clausura Alcalde JM Un\u00e1nue el primer ciclo de talleres culturales en Boca del R\u00edo"},"content":{"rendered":"\n<p><strong>*Seguiremos promoviendo la cultura en Boca del R\u00edo para reconstruir el tejido social, destac\u00f3.<\/strong><\/p>\n\n\n\n<p>Boca del R\u00edo, Ver.- Con la clausura de los primeros Talleres Culturales organizados por la Direcci\u00f3n de Cultura y el Ayuntamiento de Boca del R\u00edo, el alcalde Juan Manuel de Un\u00e1nue Abascal refrend\u00f3 su compromiso de contribuir apoyando a la sociedad boque\u00f1a y as\u00ed seguir reconstruyendo el tejido social.<\/p>\n\n\n\n<p>Es por ello que en la clausura que se llev\u00f3 a cabo en el teatro Fernando Guti\u00e9rrez Barrios, el mun\u00edcipe hizo entrega de reconocimientos a alumnos de los 8 talleres impartidos de mayo a septiembre, los cuales fueron entregados de manera simb\u00f3lica para representar a los 110 alumnos inscritos en el ciclo mencionado.<\/p>\n\n\n\n<p>De Un\u00e1nue Abascal agradeci\u00f3 el trabajo de la direcci\u00f3n municipal de Cultura as\u00ed como a los padres de familia por su esfuerzo y a los maestros de cada taller, por su compromiso y dedicaci\u00f3n, dejando claro que para su administraci\u00f3n es un gusto reactivar la cultura luego de que la pandemia detuviera este tipo de actividades.<\/p>\n\n\n\n<p>\u201cSeguiremos promoviendo la cultura en nuestro municipio precisamente para que estemos activos, pero sobre todo para que tengamos hijos ocupados en actividades positivas y podamos avanzar juntos en la reconstrucci\u00f3n del tejido social\u201d, puntualiz\u00f3 el presidente Municipal de Boca del R\u00edo.<\/p>\n\n\n\n<p>Los talleres que se impartieron fueron de guitarra, danza folkl\u00f3rica, jazz, teatro, canto y coro, viol\u00edn, piano y plastilina. Despu\u00e9s de la entrega de reconocimientos, se hicieron cuatro presentaciones que mostraron el resultado de los talleres de guitarra, danza folkl\u00f3rica, jazz y piano.<\/p>\n\n\n\n<figure class=\"wp-block-image size-large\"><img loading=\"lazy\" decoding=\"async\" width=\"1024\" height=\"683\" src=\"https:\/\/encuentroinformativo.com.mx\/wp-content\/uploads\/2022\/10\/DCF2C091-D57C-4751-98E1-0D9DE2876FCF.jpeg\" alt=\"\" class=\"wp-image-32418\" srcset=\"https:\/\/encuentroinformativo.com.mx\/wp-content\/uploads\/2022\/10\/DCF2C091-D57C-4751-98E1-0D9DE2876FCF.jpeg 1024w, https:\/\/encuentroinformativo.com.mx\/wp-content\/uploads\/2022\/10\/DCF2C091-D57C-4751-98E1-0D9DE2876FCF-300x200.jpeg 300w, https:\/\/encuentroinformativo.com.mx\/wp-content\/uploads\/2022\/10\/DCF2C091-D57C-4751-98E1-0D9DE2876FCF-768x512.jpeg 768w\" sizes=\"auto, (max-width: 1024px) 100vw, 1024px\" \/><\/figure>\n","protected":false},"excerpt":{"rendered":"<p>*Seguiremos promoviendo la cultura en Boca del R\u00edo para reconstruir el tejido social, destac\u00f3. Boca del R\u00edo, Ver.- Con la clausura de los primeros Talleres Culturales organizados por la Direcci\u00f3n de Cultura y el Ayuntamiento de Boca del R\u00edo, el alcalde Juan Manuel de Un\u00e1nue Abascal refrend\u00f3 su compromiso de contribuir apoyando a la sociedad [&hellip;]<\/p>\n","protected":false},"author":1,"featured_media":32417,"comment_status":"open","ping_status":"open","sticky":false,"template":"","format":"standard","meta":{"_jetpack_memberships_contains_paid_content":false,"footnotes":""},"categories":[2],"tags":[],"class_list":["post-32416","post","type-post","status-publish","format-standard","has-post-thumbnail","hentry","category-estado"],"jetpack_featured_media_url":"https:\/\/encuentroinformativo.com.mx\/wp-content\/uploads\/2022\/10\/D4F9E2FD-A19C-48BB-AF76-518265D6938D.jpeg","jetpack_sharing_enabled":true,"jetpack_likes_enabled":true,"amp_enabled":true,"_links":{"self":[{"href":"https:\/\/encuentroinformativo.com.mx\/index.php?rest_route=\/wp\/v2\/posts\/32416","targetHints":{"allow":["GET"]}}],"collection":[{"href":"https:\/\/encuentroinformativo.com.mx\/index.php?rest_route=\/wp\/v2\/posts"}],"about":[{"href":"https:\/\/encuentroinformativo.com.mx\/index.php?rest_route=\/wp\/v2\/types\/post"}],"author":[{"embeddable":true,"href":"https:\/\/encuentroinformativo.com.mx\/index.php?rest_route=\/wp\/v2\/users\/1"}],"replies":[{"embeddable":true,"href":"https:\/\/encuentroinformativo.com.mx\/index.php?rest_route=%2Fwp%2Fv2%2Fcomments&post=32416"}],"version-history":[{"count":1,"href":"https:\/\/encuentroinformativo.com.mx\/index.php?rest_route=\/wp\/v2\/posts\/32416\/revisions"}],"predecessor-version":[{"id":32419,"href":"https:\/\/encuentroinformativo.com.mx\/index.php?rest_route=\/wp\/v2\/posts\/32416\/revisions\/32419"}],"wp:featuredmedia":[{"embeddable":true,"href":"https:\/\/encuentroinformativo.com.mx\/index.php?rest_route=\/wp\/v2\/media\/32417"}],"wp:attachment":[{"href":"https:\/\/encuentroinformativo.com.mx\/index.php?rest_route=%2Fwp%2Fv2%2Fmedia&parent=32416"}],"wp:term":[{"taxonomy":"category","embeddable":true,"href":"https:\/\/encuentroinformativo.com.mx\/index.php?rest_route=%2Fwp%2Fv2%2Fcategories&post=32416"},{"taxonomy":"post_tag","embeddable":true,"href":"https:\/\/encuentroinformativo.com.mx\/index.php?rest_route=%2Fwp%2Fv2%2Ftags&post=32416"}],"curies":[{"name":"wp","href":"https:\/\/api.w.org\/{rel}","templated":true}]}}