{"id":32427,"date":"2022-10-08T16:01:15","date_gmt":"2022-10-08T21:01:15","guid":{"rendered":"https:\/\/encuentroinformativo.com.mx\/?p=32427"},"modified":"2022-10-08T16:01:19","modified_gmt":"2022-10-08T21:01:19","slug":"reprueba-sev-presunta-participacion-de-docentes-en-homicidio-de-subdirectora","status":"publish","type":"post","link":"https:\/\/encuentroinformativo.com.mx\/?p=32427","title":{"rendered":"Reprueba SEV presunta participaci\u00f3n de docentes en homicidio de subdirectora"},"content":{"rendered":"\n<p><strong>Dar\u00edo Pale<\/strong><\/p>\n\n\n\n<p>Xalapa, Ver.- El titular de la Secretar\u00eda de Educaci\u00f3n de Veracruz (SEV), Roberto Zenyazen Escobar Garc\u00eda, lament\u00f3 que el asesinato de la subdirectora de la primaria Adolfo Ruiz Cortines en Xalapa haya sido presuntamente motivado por una docente de la misma escuela, lo cual ocasion\u00f3 su baja de forma inmediata.<\/p>\n\n\n\n<p>En entrevista agradeci\u00f3 al gobernado de Veracruz por atender al situaci\u00f3n del asesinato de la maestra Elizabeth de manera inmediata a trav\u00e9s de la Fiscal\u00eda lograron detener a los tres presuntos implicados en el asesinato de la docente.<\/p>\n\n\n\n<p>&#8220;Es reprobable este tipo de acci\u00f3n que hubo, de una compa\u00f1era hacia otra&#8221;, &#8220;Es una situaci\u00f3n muy triste y lamentable, muy penoso. Es reprobable este tipo de acci\u00f3n que hubo, de una compa\u00f1era hacia otra&#8221; dijo luego de que la Fiscal\u00eda General del Estado diera a conocer que una maestra de la escuela habr\u00eda sido quien mand\u00f3 a asesinar a la subdirectora por aplicarle descuentos por presuntamente no asistir a laborar.<\/p>\n\n\n\n<p>&#8220;Bueno lo que pasa es que miren yo les voy a reiterar algo el trabajo de nosotros como maestros es estar frente a grupo entonces si t\u00fa no te presentas a trabajar y no \u00fanicamente en el magisterio en cualquier lugar si no te presentas a trabajar l\u00f3gico que te van a descontar&#8221;, coment\u00f3.<\/p>\n\n\n\n<p>Se\u00f1al\u00f3 que han impulsado que los maestros se encuentren trabajando en la aulas, por lo que le sucedi\u00f3 a la maestra fue una situaci\u00f3n muy lamentable y triste, ya que la soluci\u00f3n de los problemas siempre ser\u00e1 el di\u00e1logo para poder llegar a los consensos.<\/p>\n\n\n\n<p>&#8220;Es reprobable este tipo de acci\u00f3n que hubo de una compa\u00f1era maestra&#8221;, se\u00f1al\u00f3.<\/p>\n\n\n\n<p>Finalmente dio a conocer que la docente que se ve implicada en el asesinato de la maestra de forma inmediata se da de baja de la SEV y es muy reprobable este tipo de eventos.<\/p>\n","protected":false},"excerpt":{"rendered":"<p>Dar\u00edo Pale Xalapa, Ver.- El titular de la Secretar\u00eda de Educaci\u00f3n de Veracruz (SEV), Roberto Zenyazen Escobar Garc\u00eda, lament\u00f3 que el asesinato de la subdirectora de la primaria Adolfo Ruiz Cortines en Xalapa haya sido presuntamente motivado por una docente de la misma escuela, lo cual ocasion\u00f3 su baja de forma inmediata. En entrevista agradeci\u00f3 [&hellip;]<\/p>\n","protected":false},"author":1,"featured_media":32428,"comment_status":"open","ping_status":"open","sticky":false,"template":"","format":"standard","meta":{"_jetpack_memberships_contains_paid_content":false,"footnotes":""},"categories":[2],"tags":[],"class_list":["post-32427","post","type-post","status-publish","format-standard","has-post-thumbnail","hentry","category-estado"],"jetpack_featured_media_url":"https:\/\/encuentroinformativo.com.mx\/wp-content\/uploads\/2022\/10\/23CD6BB3-4556-478E-B593-8DBEC0C4F3C8.jpeg","jetpack_sharing_enabled":true,"jetpack_likes_enabled":true,"amp_enabled":true,"_links":{"self":[{"href":"https:\/\/encuentroinformativo.com.mx\/index.php?rest_route=\/wp\/v2\/posts\/32427","targetHints":{"allow":["GET"]}}],"collection":[{"href":"https:\/\/encuentroinformativo.com.mx\/index.php?rest_route=\/wp\/v2\/posts"}],"about":[{"href":"https:\/\/encuentroinformativo.com.mx\/index.php?rest_route=\/wp\/v2\/types\/post"}],"author":[{"embeddable":true,"href":"https:\/\/encuentroinformativo.com.mx\/index.php?rest_route=\/wp\/v2\/users\/1"}],"replies":[{"embeddable":true,"href":"https:\/\/encuentroinformativo.com.mx\/index.php?rest_route=%2Fwp%2Fv2%2Fcomments&post=32427"}],"version-history":[{"count":1,"href":"https:\/\/encuentroinformativo.com.mx\/index.php?rest_route=\/wp\/v2\/posts\/32427\/revisions"}],"predecessor-version":[{"id":32429,"href":"https:\/\/encuentroinformativo.com.mx\/index.php?rest_route=\/wp\/v2\/posts\/32427\/revisions\/32429"}],"wp:featuredmedia":[{"embeddable":true,"href":"https:\/\/encuentroinformativo.com.mx\/index.php?rest_route=\/wp\/v2\/media\/32428"}],"wp:attachment":[{"href":"https:\/\/encuentroinformativo.com.mx\/index.php?rest_route=%2Fwp%2Fv2%2Fmedia&parent=32427"}],"wp:term":[{"taxonomy":"category","embeddable":true,"href":"https:\/\/encuentroinformativo.com.mx\/index.php?rest_route=%2Fwp%2Fv2%2Fcategories&post=32427"},{"taxonomy":"post_tag","embeddable":true,"href":"https:\/\/encuentroinformativo.com.mx\/index.php?rest_route=%2Fwp%2Fv2%2Ftags&post=32427"}],"curies":[{"name":"wp","href":"https:\/\/api.w.org\/{rel}","templated":true}]}}