{"id":32437,"date":"2022-10-08T16:26:08","date_gmt":"2022-10-08T21:26:08","guid":{"rendered":"https:\/\/encuentroinformativo.com.mx\/?p=32437"},"modified":"2022-10-08T16:26:12","modified_gmt":"2022-10-08T21:26:12","slug":"lleno-total-de-los-tigres-del-norte-en-boca-del-rio","status":"publish","type":"post","link":"https:\/\/encuentroinformativo.com.mx\/?p=32437","title":{"rendered":"Lleno total de Los Tigres del Norte en Boca del R\u00edo"},"content":{"rendered":"\n<p><strong>Alejandro \u00c1vila<\/strong><\/p>\n\n\n\n<p><strong>Fotos:<\/strong> Rub\u00e9n Aguilar\/Cortes\u00eda <\/p>\n\n\n\n<p>Boca del R\u00edo, Ver.- Los llamados \u201cJefes de Jefes\u201d, Los Tigres del Norte se reencontraron con su p\u00fablico veracruzano en medio de una gran ovaci\u00f3n al presentar \u201cLa Reuni\u00f3n Tour 2022\u201d.<\/p>\n\n\n\n<p>Minutos despu\u00e9s de las 11:30 de la noche, los int\u00e9rpretes de \u201cPedro y Pablo\u201d: Jorge, Hern\u00e1n, Eduardo y Luis Hern\u00e1ndez y Oscar Lara subieron al escenario instalado en los terrenos de la Ganadera Ylang Ylang para iniciar el concierto con el emblem\u00e1tico tema \u201cJefe de Jefes\u201d.<\/p>\n\n\n\n<p>La manzanita; Contrabando y traici\u00f3n; La Jaula de oro y La reina del sur, fueron algunos de los temas que corearon los veracruzanos as\u00ed como visitantes de municipios cercanos que no quisieron perder la oportunidad de disfrutar del concierto \u201cLa Reuni\u00f3n Tour\u201d de Los Tigres del Norte.<\/p>\n\n\n\n<p>Los asistentes estaban completamente emocionados, los Jefes de Jefes interpretaron varias de sus canciones m\u00e1s populares como: Mi buena Suerte; La Mesa del Rinc\u00f3n; Ni parientes somos; La Tumba Falsa; Contrabando y Traici\u00f3n y el sencillo hom\u00f3nimo de su \u00e1lbum m\u00e1s reciente \u201cLa Reuni\u00f3n\u201d.<\/p>\n\n\n\n<p>Adem\u00e1s, pusieron a bailar a todos con este tema tan alegre y jacarandoso \u201cLa Manzanita\u201d.<\/p>\n\n\n\n<p>Continuaron interpretando los temas de Vicente Fern\u00e1ndez: De Que Manera te Olvido, Por tu Maldito Amor, Hermoso Cari\u00f1o, Mujeres Divinas y tambi\u00e9n una canci\u00f3n que ellos le compusieron al Charro llamada \u201cEl Consentido de Dios\u201d, agradecieron y despidieron al mariachi Nueva York y a los bailarines de un Ballet Folkl\u00f3rico de Veracruz<\/p>\n\n\n\n<p>Fue un sublime concierto por parte de los sinaloenses que nos dejaron con la boca abierta con la energ\u00eda y jovialidad que mostraron tras m\u00e1s de 4 horas ininterrumpidas de concierto, su cordialidad, sencillez y amabilidad.<\/p>\n\n\n\n<p>Tigres del Norte, uno de los m\u00e1s grandes del regional mexicano, iconos internacionales en los 5 continentes nos deleitaron con tan solemne evento que congreg\u00f3 a cientos de veracruzanos para ovacionar sus \u00e9xitos.<\/p>\n\n\n\n<figure class=\"wp-block-image size-large\"><img loading=\"lazy\" decoding=\"async\" width=\"1024\" height=\"682\" src=\"https:\/\/encuentroinformativo.com.mx\/wp-content\/uploads\/2022\/10\/216FCE2C-9E8D-49BC-B40E-BF867D33FD3A-1024x682.jpeg\" alt=\"\" class=\"wp-image-32439\" srcset=\"https:\/\/encuentroinformativo.com.mx\/wp-content\/uploads\/2022\/10\/216FCE2C-9E8D-49BC-B40E-BF867D33FD3A-1024x682.jpeg 1024w, https:\/\/encuentroinformativo.com.mx\/wp-content\/uploads\/2022\/10\/216FCE2C-9E8D-49BC-B40E-BF867D33FD3A-300x200.jpeg 300w, https:\/\/encuentroinformativo.com.mx\/wp-content\/uploads\/2022\/10\/216FCE2C-9E8D-49BC-B40E-BF867D33FD3A-768x512.jpeg 768w, https:\/\/encuentroinformativo.com.mx\/wp-content\/uploads\/2022\/10\/216FCE2C-9E8D-49BC-B40E-BF867D33FD3A.jpeg 1280w\" sizes=\"auto, (max-width: 1024px) 100vw, 1024px\" \/><\/figure>\n","protected":false},"excerpt":{"rendered":"<p>Alejandro \u00c1vila Fotos: Rub\u00e9n Aguilar\/Cortes\u00eda Boca del R\u00edo, Ver.- Los llamados \u201cJefes de Jefes\u201d, Los Tigres del Norte se reencontraron con su p\u00fablico veracruzano en medio de una gran ovaci\u00f3n al presentar \u201cLa Reuni\u00f3n Tour 2022\u201d. Minutos despu\u00e9s de las 11:30 de la noche, los int\u00e9rpretes de \u201cPedro y Pablo\u201d: Jorge, Hern\u00e1n, Eduardo y Luis [&hellip;]<\/p>\n","protected":false},"author":1,"featured_media":32438,"comment_status":"open","ping_status":"open","sticky":false,"template":"","format":"standard","meta":{"_jetpack_memberships_contains_paid_content":false,"footnotes":""},"categories":[2],"tags":[],"class_list":["post-32437","post","type-post","status-publish","format-standard","has-post-thumbnail","hentry","category-estado"],"jetpack_featured_media_url":"https:\/\/encuentroinformativo.com.mx\/wp-content\/uploads\/2022\/10\/B5D395CB-00A7-43C2-8BCF-631225403545.jpeg","jetpack_sharing_enabled":true,"jetpack_likes_enabled":true,"amp_enabled":true,"_links":{"self":[{"href":"https:\/\/encuentroinformativo.com.mx\/index.php?rest_route=\/wp\/v2\/posts\/32437","targetHints":{"allow":["GET"]}}],"collection":[{"href":"https:\/\/encuentroinformativo.com.mx\/index.php?rest_route=\/wp\/v2\/posts"}],"about":[{"href":"https:\/\/encuentroinformativo.com.mx\/index.php?rest_route=\/wp\/v2\/types\/post"}],"author":[{"embeddable":true,"href":"https:\/\/encuentroinformativo.com.mx\/index.php?rest_route=\/wp\/v2\/users\/1"}],"replies":[{"embeddable":true,"href":"https:\/\/encuentroinformativo.com.mx\/index.php?rest_route=%2Fwp%2Fv2%2Fcomments&post=32437"}],"version-history":[{"count":1,"href":"https:\/\/encuentroinformativo.com.mx\/index.php?rest_route=\/wp\/v2\/posts\/32437\/revisions"}],"predecessor-version":[{"id":32440,"href":"https:\/\/encuentroinformativo.com.mx\/index.php?rest_route=\/wp\/v2\/posts\/32437\/revisions\/32440"}],"wp:featuredmedia":[{"embeddable":true,"href":"https:\/\/encuentroinformativo.com.mx\/index.php?rest_route=\/wp\/v2\/media\/32438"}],"wp:attachment":[{"href":"https:\/\/encuentroinformativo.com.mx\/index.php?rest_route=%2Fwp%2Fv2%2Fmedia&parent=32437"}],"wp:term":[{"taxonomy":"category","embeddable":true,"href":"https:\/\/encuentroinformativo.com.mx\/index.php?rest_route=%2Fwp%2Fv2%2Fcategories&post=32437"},{"taxonomy":"post_tag","embeddable":true,"href":"https:\/\/encuentroinformativo.com.mx\/index.php?rest_route=%2Fwp%2Fv2%2Ftags&post=32437"}],"curies":[{"name":"wp","href":"https:\/\/api.w.org\/{rel}","templated":true}]}}