{"id":3244,"date":"2020-06-10T18:15:06","date_gmt":"2020-06-10T23:15:06","guid":{"rendered":"https:\/\/encuentroinformativo.com\/?p=3244"},"modified":"2020-06-10T18:15:09","modified_gmt":"2020-06-10T23:15:09","slug":"se-oponen-pobladores-a-instalacion-de-antena-telefonica","status":"publish","type":"post","link":"https:\/\/encuentroinformativo.com.mx\/?p=3244","title":{"rendered":"Se oponen pobladores a instalaci\u00f3n de antena telef\u00f3nica"},"content":{"rendered":"\n<p><strong>Dar\u00edo Pale <\/strong><\/p>\n\n\n\n<p>Xalapa, Ver.- Habitantes del municipio de San Andr\u00e9s Tlalnehuayocan protestaron y bloquearon \u00a0la carretera en la entrada a la altura de la localidad de \u00darsulo Galv\u00e1n, popularmente conocida como &#8220;Dos Trancas&#8221;, ya que se oponen a la instalaci\u00f3n de una antena de celulares.<\/p>\n\n\n\n<p>Lo anterior se debe a que desde hace diez d\u00edas iniciaron las maniobras para colocar la base donde ser\u00e1 instalada una antena de telefon\u00eda en la cabecera municipal de San Andr\u00e9s Tlalnelhuayocan, en la zona conurbada con la ciudad de Xalapa.<\/p>\n\n\n\n<p>Por lo que un grupo de vecinos, desde la ma\u00f1ana de este mi\u00e9rcoles colocaron una lona en la que se lee: &#8220;Los vecinos de la cabecera de Tlalnelhuayocan se oponen a la instalaci\u00f3n de la antena&#8221;.<\/p>\n\n\n\n<p>De acuerdo con el alcalde David \u00c1ngeles, se trata de un decreto federal y confirm\u00f3 que desde hace diez d\u00edas comenzaron los trabajos para la colocaci\u00f3n de la base.<\/p>\n\n\n\n<p>&#8220;Esta antena es federal. Esta obra es de Gobierno Federal y parece ser que es de Telefon\u00eda y no han validado ning\u00fan proyecto en el Ayuntamiento&#8221;.<\/p>\n\n\n\n<p>Explic\u00f3 que la \u00fanica versi\u00f3n que recibi\u00f3 es que lleg\u00f3 personal a avisar que se colocar\u00e1 una antena.<\/p>\n\n\n\n<p>&#8220;No hay validaciones y ellos argumentan que tienen que instalarla. Como es un predio privado no podemos ingresar. Tiene diez d\u00edas trabajando. Est\u00e1n haciendo un camino para hacer un punto, s\u00f3lo maniobras con la m\u00e1quina&#8221;, finaliz\u00f3.<\/p>\n\n\n\n<p><\/p>\n","protected":false},"excerpt":{"rendered":"<p>Dar\u00edo Pale Xalapa, Ver.- Habitantes del municipio de San Andr\u00e9s Tlalnehuayocan protestaron y bloquearon \u00a0la carretera en la entrada a la altura de la localidad de \u00darsulo Galv\u00e1n, popularmente conocida como &#8220;Dos Trancas&#8221;, ya que se oponen a la instalaci\u00f3n de una antena de celulares. Lo anterior se debe a que desde hace diez d\u00edas [&hellip;]<\/p>\n","protected":false},"author":1,"featured_media":3245,"comment_status":"open","ping_status":"open","sticky":false,"template":"","format":"standard","meta":{"_jetpack_memberships_contains_paid_content":false,"footnotes":""},"categories":[8],"tags":[],"class_list":["post-3244","post","type-post","status-publish","format-standard","has-post-thumbnail","hentry","category-region"],"jetpack_featured_media_url":"https:\/\/encuentroinformativo.com.mx\/wp-content\/uploads\/2020\/06\/49B3FF65-70A9-4E17-B8B7-08EB1CB82486.jpeg","jetpack_sharing_enabled":true,"jetpack_likes_enabled":true,"amp_enabled":true,"_links":{"self":[{"href":"https:\/\/encuentroinformativo.com.mx\/index.php?rest_route=\/wp\/v2\/posts\/3244","targetHints":{"allow":["GET"]}}],"collection":[{"href":"https:\/\/encuentroinformativo.com.mx\/index.php?rest_route=\/wp\/v2\/posts"}],"about":[{"href":"https:\/\/encuentroinformativo.com.mx\/index.php?rest_route=\/wp\/v2\/types\/post"}],"author":[{"embeddable":true,"href":"https:\/\/encuentroinformativo.com.mx\/index.php?rest_route=\/wp\/v2\/users\/1"}],"replies":[{"embeddable":true,"href":"https:\/\/encuentroinformativo.com.mx\/index.php?rest_route=%2Fwp%2Fv2%2Fcomments&post=3244"}],"version-history":[{"count":1,"href":"https:\/\/encuentroinformativo.com.mx\/index.php?rest_route=\/wp\/v2\/posts\/3244\/revisions"}],"predecessor-version":[{"id":3246,"href":"https:\/\/encuentroinformativo.com.mx\/index.php?rest_route=\/wp\/v2\/posts\/3244\/revisions\/3246"}],"wp:featuredmedia":[{"embeddable":true,"href":"https:\/\/encuentroinformativo.com.mx\/index.php?rest_route=\/wp\/v2\/media\/3245"}],"wp:attachment":[{"href":"https:\/\/encuentroinformativo.com.mx\/index.php?rest_route=%2Fwp%2Fv2%2Fmedia&parent=3244"}],"wp:term":[{"taxonomy":"category","embeddable":true,"href":"https:\/\/encuentroinformativo.com.mx\/index.php?rest_route=%2Fwp%2Fv2%2Fcategories&post=3244"},{"taxonomy":"post_tag","embeddable":true,"href":"https:\/\/encuentroinformativo.com.mx\/index.php?rest_route=%2Fwp%2Fv2%2Ftags&post=3244"}],"curies":[{"name":"wp","href":"https:\/\/api.w.org\/{rel}","templated":true}]}}