{"id":32441,"date":"2022-10-08T16:32:44","date_gmt":"2022-10-08T21:32:44","guid":{"rendered":"https:\/\/encuentroinformativo.com.mx\/?p=32441"},"modified":"2022-10-08T16:32:48","modified_gmt":"2022-10-08T21:32:48","slug":"construyen-carretera-en-la-zona-rural-de-medellin","status":"publish","type":"post","link":"https:\/\/encuentroinformativo.com.mx\/?p=32441","title":{"rendered":"Construyen carretera en la zona rural de Medell\u00edn"},"content":{"rendered":"\n<p><strong>Alejandro \u00c1vila<\/strong><\/p>\n\n\n\n<p>Medell\u00edn de Bravo, Ver.- El alcalde, Marcos Isle\u00f1o Andrade dio el banderazo de inicio de la obra de pavimentaci\u00f3n de la carretera que comunica a las comunidades de El Moralillo y Los Coyotes, beneficiando a por lo menos 3 mil familias de la zona rural.<\/p>\n\n\n\n<p>Dicho tramo carretero tendr\u00e1 una longitud de 2.7 kil\u00f3metros y estar\u00eda terminada en el mes de noviembre.<\/p>\n\n\n\n<p>\u201cMe da mucho gusto cumplir con los medellinenses con obras como esta que beneficiar\u00e1n a muchas familias que viven en estas comunidades. Se pavimentar\u00e1n m\u00e1s de dos mil setecientos metros de esta v\u00eda de comunicaci\u00f3n y esperamos estar concluyendo para el mes de noviembre\u201d, dijo.<\/p>\n\n\n\n<p>A trav\u00e9s de sus redes sociales, Isle\u00f1o Andrade coment\u00f3: \u201cFaltan muchas cosas por hacer, pero una vez m\u00e1s constatamos que vamos por el camino correcto a 9 meses de gobierno, gracias a tu confianza seguimos avanzando\u201d.<\/p>\n\n\n\n<p>En el banderazo de esta nueva obra estuvieron presentes la regidora neo morenista, Karina del Carmen Arroniz Palavicini; la directora de Obras P\u00fablicas, Patricia Ram\u00edrez Silva.<\/p>\n","protected":false},"excerpt":{"rendered":"<p>Alejandro \u00c1vila Medell\u00edn de Bravo, Ver.- El alcalde, Marcos Isle\u00f1o Andrade dio el banderazo de inicio de la obra de pavimentaci\u00f3n de la carretera que comunica a las comunidades de El Moralillo y Los Coyotes, beneficiando a por lo menos 3 mil familias de la zona rural. Dicho tramo carretero tendr\u00e1 una longitud de 2.7 [&hellip;]<\/p>\n","protected":false},"author":1,"featured_media":32442,"comment_status":"open","ping_status":"open","sticky":false,"template":"","format":"standard","meta":{"_jetpack_memberships_contains_paid_content":false,"footnotes":""},"categories":[2],"tags":[],"class_list":["post-32441","post","type-post","status-publish","format-standard","has-post-thumbnail","hentry","category-estado"],"jetpack_featured_media_url":"https:\/\/encuentroinformativo.com.mx\/wp-content\/uploads\/2022\/10\/E15BB546-D51F-47C1-9443-A3DF7DC2B0EA.jpeg","jetpack_sharing_enabled":true,"jetpack_likes_enabled":true,"amp_enabled":true,"_links":{"self":[{"href":"https:\/\/encuentroinformativo.com.mx\/index.php?rest_route=\/wp\/v2\/posts\/32441","targetHints":{"allow":["GET"]}}],"collection":[{"href":"https:\/\/encuentroinformativo.com.mx\/index.php?rest_route=\/wp\/v2\/posts"}],"about":[{"href":"https:\/\/encuentroinformativo.com.mx\/index.php?rest_route=\/wp\/v2\/types\/post"}],"author":[{"embeddable":true,"href":"https:\/\/encuentroinformativo.com.mx\/index.php?rest_route=\/wp\/v2\/users\/1"}],"replies":[{"embeddable":true,"href":"https:\/\/encuentroinformativo.com.mx\/index.php?rest_route=%2Fwp%2Fv2%2Fcomments&post=32441"}],"version-history":[{"count":1,"href":"https:\/\/encuentroinformativo.com.mx\/index.php?rest_route=\/wp\/v2\/posts\/32441\/revisions"}],"predecessor-version":[{"id":32443,"href":"https:\/\/encuentroinformativo.com.mx\/index.php?rest_route=\/wp\/v2\/posts\/32441\/revisions\/32443"}],"wp:featuredmedia":[{"embeddable":true,"href":"https:\/\/encuentroinformativo.com.mx\/index.php?rest_route=\/wp\/v2\/media\/32442"}],"wp:attachment":[{"href":"https:\/\/encuentroinformativo.com.mx\/index.php?rest_route=%2Fwp%2Fv2%2Fmedia&parent=32441"}],"wp:term":[{"taxonomy":"category","embeddable":true,"href":"https:\/\/encuentroinformativo.com.mx\/index.php?rest_route=%2Fwp%2Fv2%2Fcategories&post=32441"},{"taxonomy":"post_tag","embeddable":true,"href":"https:\/\/encuentroinformativo.com.mx\/index.php?rest_route=%2Fwp%2Fv2%2Ftags&post=32441"}],"curies":[{"name":"wp","href":"https:\/\/api.w.org\/{rel}","templated":true}]}}