{"id":32455,"date":"2022-10-09T13:24:13","date_gmt":"2022-10-09T18:24:13","guid":{"rendered":"https:\/\/encuentroinformativo.com.mx\/?p=32455"},"modified":"2022-10-09T13:24:17","modified_gmt":"2022-10-09T18:24:17","slug":"marchan-a-favor-de-la-mujer-y-la-vida","status":"publish","type":"post","link":"https:\/\/encuentroinformativo.com.mx\/?p=32455","title":{"rendered":"Marchan a favor de la mujer y la vida"},"content":{"rendered":"\n<p><strong>Juan Arcos <\/strong><\/p>\n\n\n\n<p>Xalapa, Ver.- Cientos de personas se sumaron a la Marcha Nacional a Favor de la Mujer y la Vida durante este domingo 9 de octubre en la ciudad de Xalapa, la capital de Veracruz.<\/p>\n\n\n\n<p>La gente se concentr\u00f3 en las inmediaciones del Teatro del Estado \u201cIgnacio de la Llave\u201d y posteriormente camin\u00f3 hacia el Palacio de Gobierno y la Catedral Metropolitana de Xalapa.<\/p>\n\n\n\n<p>Los grupos provida lanzaron consignas en rechazo al aborto y en defensa de las familias mexicanas, pues consideraron que mientras haya gobiernos antivida, se seguir\u00e1 padeciendo la pobreza, la muerte y la imparable violencia.<\/p>\n\n\n\n<p>\u201c\u00a1S\u00ed a la vida!&#8221; y &#8220;\u00a1mi mam\u00e1 dijo s\u00ed, por eso estoy aqu\u00ed!\u201d, se escuchaba entre gritos y una batucada que acompa\u00f1\u00f3 a la manifestaci\u00f3n en la zona centro de la capital del estado.<\/p>\n\n\n\n<p>Las familias protestaron con banderines, paliacates y globos azules y blancos, durante todo su recorrido, acompa\u00f1ados de personalidades religiosas.<\/p>\n\n\n\n<p>De acuerdo con el vocero de la Arquidi\u00f3cesis de Xalapa, Jos\u00e9 Manuel Suazo Reyes, la manifestaci\u00f3n es por la mujer, por la vida y la paz en todo el pa\u00eds.<\/p>\n\n\n\n<p>&#8220;Mientras est\u00e9n gobiernos antivida y gobiernos que nos les interesa resolver las problem\u00e1ticas de la sociedad, seguiremos padeciendo la pobreza, muerte, la violencia, etc\u00e9tera\u201d, destac\u00f3.<\/p>\n\n\n\n<p>A su juicio, en la ciudad hubo una gran respuesta durante la movilizaci\u00f3n, pues se observ\u00f3 a una gran cantidad de personas en la marcha.<\/p>\n\n\n\n<p>&#8220;El motivo de esta marcha es exigir pol\u00edticas p\u00fablicas a favor de la mujer y a favor de la dignidad de la persona, de modo que todas las personas desde que somos concebidos seamos protegidos por la ley indistintamente y no haya esta contraposici\u00f3n entre la madre y su hijo&#8221;, enfatiz\u00f3.<\/p>\n\n\n\n<p>El Presb\u00edtero se\u00f1al\u00f3 que, a un a\u00f1o de la despenalizaci\u00f3n del aborto hasta las 12 semanas de gestaci\u00f3n en Veracruz, no se ha resuelto nada ni se ha mejorado la condici\u00f3n humana de las mujeres.<br>&#8220;Eso no ha resuelto nada, esa ley que promovieron no ha resuelto nada, no ha cambiado la condici\u00f3n humana de las mujeres, se necesita por eso siempre promover pol\u00edticas p\u00fablicas que favorezcan la vida y las condiciones de la mujer&#8221;, refiri\u00f3 Suazo Reyes.\u00a0<\/p>\n\n\n\n<figure class=\"wp-block-image size-large\"><img loading=\"lazy\" decoding=\"async\" width=\"1024\" height=\"768\" src=\"https:\/\/encuentroinformativo.com.mx\/wp-content\/uploads\/2022\/10\/F83EB29C-FC47-4AB1-A8DD-F282CE6FEAF1-1024x768.jpeg\" alt=\"\" class=\"wp-image-32457\" srcset=\"https:\/\/encuentroinformativo.com.mx\/wp-content\/uploads\/2022\/10\/F83EB29C-FC47-4AB1-A8DD-F282CE6FEAF1-1024x768.jpeg 1024w, https:\/\/encuentroinformativo.com.mx\/wp-content\/uploads\/2022\/10\/F83EB29C-FC47-4AB1-A8DD-F282CE6FEAF1-300x225.jpeg 300w, https:\/\/encuentroinformativo.com.mx\/wp-content\/uploads\/2022\/10\/F83EB29C-FC47-4AB1-A8DD-F282CE6FEAF1-768x576.jpeg 768w, https:\/\/encuentroinformativo.com.mx\/wp-content\/uploads\/2022\/10\/F83EB29C-FC47-4AB1-A8DD-F282CE6FEAF1-1536x1152.jpeg 1536w, https:\/\/encuentroinformativo.com.mx\/wp-content\/uploads\/2022\/10\/F83EB29C-FC47-4AB1-A8DD-F282CE6FEAF1.jpeg 1600w\" sizes=\"auto, (max-width: 1024px) 100vw, 1024px\" \/><\/figure>\n","protected":false},"excerpt":{"rendered":"<p>Juan Arcos Xalapa, Ver.- Cientos de personas se sumaron a la Marcha Nacional a Favor de la Mujer y la Vida durante este domingo 9 de octubre en la ciudad de Xalapa, la capital de Veracruz. La gente se concentr\u00f3 en las inmediaciones del Teatro del Estado \u201cIgnacio de la Llave\u201d y posteriormente camin\u00f3 hacia [&hellip;]<\/p>\n","protected":false},"author":1,"featured_media":32456,"comment_status":"open","ping_status":"open","sticky":false,"template":"","format":"standard","meta":{"_jetpack_memberships_contains_paid_content":false,"footnotes":""},"categories":[3],"tags":[],"class_list":["post-32455","post","type-post","status-publish","format-standard","has-post-thumbnail","hentry","category-xalapa"],"jetpack_featured_media_url":"https:\/\/encuentroinformativo.com.mx\/wp-content\/uploads\/2022\/10\/C6A39222-6ABA-45D1-B384-9E11C378F4D1.jpeg","jetpack_sharing_enabled":true,"jetpack_likes_enabled":true,"amp_enabled":true,"_links":{"self":[{"href":"https:\/\/encuentroinformativo.com.mx\/index.php?rest_route=\/wp\/v2\/posts\/32455","targetHints":{"allow":["GET"]}}],"collection":[{"href":"https:\/\/encuentroinformativo.com.mx\/index.php?rest_route=\/wp\/v2\/posts"}],"about":[{"href":"https:\/\/encuentroinformativo.com.mx\/index.php?rest_route=\/wp\/v2\/types\/post"}],"author":[{"embeddable":true,"href":"https:\/\/encuentroinformativo.com.mx\/index.php?rest_route=\/wp\/v2\/users\/1"}],"replies":[{"embeddable":true,"href":"https:\/\/encuentroinformativo.com.mx\/index.php?rest_route=%2Fwp%2Fv2%2Fcomments&post=32455"}],"version-history":[{"count":1,"href":"https:\/\/encuentroinformativo.com.mx\/index.php?rest_route=\/wp\/v2\/posts\/32455\/revisions"}],"predecessor-version":[{"id":32458,"href":"https:\/\/encuentroinformativo.com.mx\/index.php?rest_route=\/wp\/v2\/posts\/32455\/revisions\/32458"}],"wp:featuredmedia":[{"embeddable":true,"href":"https:\/\/encuentroinformativo.com.mx\/index.php?rest_route=\/wp\/v2\/media\/32456"}],"wp:attachment":[{"href":"https:\/\/encuentroinformativo.com.mx\/index.php?rest_route=%2Fwp%2Fv2%2Fmedia&parent=32455"}],"wp:term":[{"taxonomy":"category","embeddable":true,"href":"https:\/\/encuentroinformativo.com.mx\/index.php?rest_route=%2Fwp%2Fv2%2Fcategories&post=32455"},{"taxonomy":"post_tag","embeddable":true,"href":"https:\/\/encuentroinformativo.com.mx\/index.php?rest_route=%2Fwp%2Fv2%2Ftags&post=32455"}],"curies":[{"name":"wp","href":"https:\/\/api.w.org\/{rel}","templated":true}]}}