{"id":32461,"date":"2022-10-09T13:36:49","date_gmt":"2022-10-09T18:36:49","guid":{"rendered":"https:\/\/encuentroinformativo.com.mx\/?p=32461"},"modified":"2022-10-09T13:36:54","modified_gmt":"2022-10-09T18:36:54","slug":"vecinos-piden-reparacion-de-baches-en-las-trancas","status":"publish","type":"post","link":"https:\/\/encuentroinformativo.com.mx\/?p=32461","title":{"rendered":"Vecinos piden reparaci\u00f3n de baches en Las Trancas"},"content":{"rendered":"\n<p><strong>Juan Arcos <\/strong><\/p>\n\n\n\n<p>Xalapa, Ver.- En la zona comercial de de Las Trancas hay baches que superan los diez cent\u00edmetros de profundidad y que han ocasionado accidentes vehiculares.<\/p>\n\n\n\n<p>La gente est\u00e1 preocupada por la falta de atenci\u00f3n de estos \u201choyancos\u201d por parte de las autoridades.<\/p>\n\n\n\n<p>\u201cHay muchos baches y se est\u00e1n haciendo m\u00e1s grandes. Tienen una profundidad de cinco a diez cent\u00edmetros, f\u00e1cilmente cae una llanta\u201d, expresaron de manera an\u00f3nima.<\/p>\n\n\n\n<p>Denunciaron la falta de se\u00f1alamientos por parte de las autoridades para evitar que los autom\u00f3viles caigan en las cavidades y se aver\u00eden.<\/p>\n\n\n\n<p>\u201cNo hay se\u00f1alamientos, no hay rayas en el camino, no hay agentes de tr\u00e1nsito\u201d, mencionaron vecinos y comerciantes.<\/p>\n\n\n\n<p>Las personas refirieron que han sido constantes los percances viales, debido a las p\u00e9simas condiciones en que se encuentra la calle Principal de Las Trancas.<\/p>\n\n\n\n<p>\u201cHa habido accidentes, no todos los d\u00edas pero s\u00ed han sido constantes\u201d, insistieron los quejosos.<\/p>\n\n\n\n<figure class=\"wp-block-image size-large\"><img loading=\"lazy\" decoding=\"async\" width=\"960\" height=\"720\" src=\"https:\/\/encuentroinformativo.com.mx\/wp-content\/uploads\/2022\/10\/1119BCD0-A596-40A6-948C-146A57775820.jpeg\" alt=\"\" class=\"wp-image-32462\" srcset=\"https:\/\/encuentroinformativo.com.mx\/wp-content\/uploads\/2022\/10\/1119BCD0-A596-40A6-948C-146A57775820.jpeg 960w, https:\/\/encuentroinformativo.com.mx\/wp-content\/uploads\/2022\/10\/1119BCD0-A596-40A6-948C-146A57775820-300x225.jpeg 300w, https:\/\/encuentroinformativo.com.mx\/wp-content\/uploads\/2022\/10\/1119BCD0-A596-40A6-948C-146A57775820-768x576.jpeg 768w\" sizes=\"auto, (max-width: 960px) 100vw, 960px\" \/><\/figure>\n\n\n\n<p><\/p>\n","protected":false},"excerpt":{"rendered":"<p>Juan Arcos Xalapa, Ver.- En la zona comercial de de Las Trancas hay baches que superan los diez cent\u00edmetros de profundidad y que han ocasionado accidentes vehiculares. La gente est\u00e1 preocupada por la falta de atenci\u00f3n de estos \u201choyancos\u201d por parte de las autoridades. \u201cHay muchos baches y se est\u00e1n haciendo m\u00e1s grandes. Tienen una [&hellip;]<\/p>\n","protected":false},"author":1,"featured_media":32460,"comment_status":"open","ping_status":"open","sticky":false,"template":"","format":"standard","meta":{"_jetpack_memberships_contains_paid_content":false,"footnotes":""},"categories":[3],"tags":[],"class_list":["post-32461","post","type-post","status-publish","format-standard","has-post-thumbnail","hentry","category-xalapa"],"jetpack_featured_media_url":"https:\/\/encuentroinformativo.com.mx\/wp-content\/uploads\/2022\/10\/1F5494A5-378E-412E-8739-295B3110DC9F.jpeg","jetpack_sharing_enabled":true,"jetpack_likes_enabled":true,"amp_enabled":true,"_links":{"self":[{"href":"https:\/\/encuentroinformativo.com.mx\/index.php?rest_route=\/wp\/v2\/posts\/32461","targetHints":{"allow":["GET"]}}],"collection":[{"href":"https:\/\/encuentroinformativo.com.mx\/index.php?rest_route=\/wp\/v2\/posts"}],"about":[{"href":"https:\/\/encuentroinformativo.com.mx\/index.php?rest_route=\/wp\/v2\/types\/post"}],"author":[{"embeddable":true,"href":"https:\/\/encuentroinformativo.com.mx\/index.php?rest_route=\/wp\/v2\/users\/1"}],"replies":[{"embeddable":true,"href":"https:\/\/encuentroinformativo.com.mx\/index.php?rest_route=%2Fwp%2Fv2%2Fcomments&post=32461"}],"version-history":[{"count":1,"href":"https:\/\/encuentroinformativo.com.mx\/index.php?rest_route=\/wp\/v2\/posts\/32461\/revisions"}],"predecessor-version":[{"id":32463,"href":"https:\/\/encuentroinformativo.com.mx\/index.php?rest_route=\/wp\/v2\/posts\/32461\/revisions\/32463"}],"wp:featuredmedia":[{"embeddable":true,"href":"https:\/\/encuentroinformativo.com.mx\/index.php?rest_route=\/wp\/v2\/media\/32460"}],"wp:attachment":[{"href":"https:\/\/encuentroinformativo.com.mx\/index.php?rest_route=%2Fwp%2Fv2%2Fmedia&parent=32461"}],"wp:term":[{"taxonomy":"category","embeddable":true,"href":"https:\/\/encuentroinformativo.com.mx\/index.php?rest_route=%2Fwp%2Fv2%2Fcategories&post=32461"},{"taxonomy":"post_tag","embeddable":true,"href":"https:\/\/encuentroinformativo.com.mx\/index.php?rest_route=%2Fwp%2Fv2%2Ftags&post=32461"}],"curies":[{"name":"wp","href":"https:\/\/api.w.org\/{rel}","templated":true}]}}