{"id":32471,"date":"2022-10-10T12:53:47","date_gmt":"2022-10-10T17:53:47","guid":{"rendered":"https:\/\/encuentroinformativo.com.mx\/?p=32471"},"modified":"2022-10-10T12:53:51","modified_gmt":"2022-10-10T17:53:51","slug":"el-octubre-rosa","status":"publish","type":"post","link":"https:\/\/encuentroinformativo.com.mx\/?p=32471","title":{"rendered":"EL OCTUBRE ROSA"},"content":{"rendered":"\n<p><strong>N\u00fameros Rojos\u00a0<\/strong><\/p>\n\n\n\n<p><strong>Brenda Caballero<\/strong><\/p>\n\n\n\n<p>\u201cEl trabajo de Juvec\u00e1n Coatepec es de todos los d\u00edas, los 365 d\u00edas del a\u00f1o\u201d<\/p>\n\n\n\n<p>Empieza octubre y todo se pinta de rosa. Los pol\u00edticos le echan la luz de ese color a sus edificios p\u00fablicos, que para hacer conciencia en la poblaci\u00f3n de que debemos luchar contra el c\u00e1ncer de mama. La sociedad arma eventos para recaudar fondos para las mujeres y hasta hombres que padecen este mal. La liga de f\u00fatbol juega con bal\u00f3n rosa. Los laboratorios ofrecen mastograf\u00edas con descuentos y hasta las tiendas comerciales hacen sus ofertas para no quedarse atr\u00e1s en el octubre rosa\u2026 pero\u2026 \u00bfy los dem\u00e1s meses? \u00bfD\u00f3nde queda la conciencia y el apoyo? Las mujeres y hombres no se enferman de c\u00e1ncer \u00fanicamente en octubre; por desgracia, todos los d\u00edas hay diagn\u00f3sticos; algunos a tiempo y otros mortales, por la agresividad de la enfermedad.<\/p>\n\n\n\n<p>En M\u00e9xico, tener c\u00e1ncer y no detectarlo a tiempo significa una enfermedad mortal, ya que nuestro sistema de salud no facilita la aceleraci\u00f3n del tratamiento a quienes lo padecen.<\/p>\n\n\n\n<p>Actualmente hemos visto la enfermedad en mujeres j\u00f3venes, sin embargo, de acuerdo a datos del INEGI dados a conocer el 18 de octubre de 2021 (D\u00eda Mundial de la Lucha Contra el C\u00e1ncer de Mama designado por la Organizaci\u00f3n Mundial de la Salud) las mujeres&nbsp; de 60 a\u00f1os o m\u00e1s tienen la tasa m\u00e1s alta de mortalidad.<\/p>\n\n\n\n<p>\u00bfPor qu\u00e9 siguen muriendo mujeres cuando se supone que toda la sociedad se organiza para hacer conciencia del c\u00e1ncer de mama? Mucho tenemos que ver nosotras, que en algunos casos, preferimos invertir en miles de cosas, antes que en nuestra salud\u2026 y entre \u00e9sas muchas cosas se pueden mezclar tambi\u00e9n con la desidia hasta con el glamour de unos implantes por encima de una mastograf\u00eda\u2026<\/p>\n\n\n\n<p>Si de verdad se quiere abatir el c\u00e1ncer de mama, se requiere extender la concientizaci\u00f3n d\u00eda con d\u00eda, y profundizar en la autoexploraci\u00f3n como el pase a la vida y eliminar todos los tab\u00faes y barreras que existen, como la de las redes sociales Facebook e Instagram.<\/p>\n\n\n\n<p>\u00bfSe ha dado cuenta que estas redes sociales no permiten la publicaci\u00f3n de los pezones y los pechos porque las publicaciones son censuradas?&nbsp;<\/p>\n\n\n\n<p>Precisamente a trav\u00e9s de la plataforma <a href=\"http:\/\/change.org\/\" target=\"_blank\" rel=\"noreferrer noopener\">change.org<\/a> se ha empezado a firmar la petici\u00f3n para que estas dos plataformas eliminen la censura de contenido preventivo contra el c\u00e1ncer de mama por la hipersexualizaci\u00f3n de los pezones femeninos, ya que si se publica sin difuminar o tap\u00e1ndolo, de inmediato es censurado. \u00bfA poco no es absurdo censurar informaci\u00f3n que cura y que puede llegar en minutos a salvar a mujeres y hombres?<\/p>\n\n\n\n<p>Seguramente el pr\u00f3ximo 18 de octubre estaremos atiborrados de eventos y mo\u00f1os rosa que simbolizan la lucha contra el c\u00e1ncer de mama, pero m\u00e1s all\u00e1 de actividades simb\u00f3licas es necesario echar a andar las conciencias de millones de hombres y mujeres con la autoexploraci\u00f3n y claro, con una mayor asignaci\u00f3n de presupuesto, \u00a1porque eso s\u00ed salva vidas!<\/p>\n\n\n\n<p>Twiter: @NumerosRojos_BC<\/p>\n\n\n\n<p><a href=\"mailto:caballero_brenda@hotmail.com\" target=\"_blank\" rel=\"noreferrer noopener\">caballero_brenda@hotmail.com<\/a><\/p>\n","protected":false},"excerpt":{"rendered":"<p>N\u00fameros Rojos\u00a0 Brenda Caballero \u201cEl trabajo de Juvec\u00e1n Coatepec es de todos los d\u00edas, los 365 d\u00edas del a\u00f1o\u201d Empieza octubre y todo se pinta de rosa. Los pol\u00edticos le echan la luz de ese color a sus edificios p\u00fablicos, que para hacer conciencia en la poblaci\u00f3n de que debemos luchar contra el c\u00e1ncer de [&hellip;]<\/p>\n","protected":false},"author":1,"featured_media":387,"comment_status":"open","ping_status":"open","sticky":false,"template":"","format":"standard","meta":{"_jetpack_memberships_contains_paid_content":false,"footnotes":""},"categories":[11],"tags":[],"class_list":["post-32471","post","type-post","status-publish","format-standard","has-post-thumbnail","hentry","category-opinion"],"jetpack_featured_media_url":"https:\/\/encuentroinformativo.com.mx\/wp-content\/uploads\/2020\/03\/7CF8A22B-2764-47BE-8F7F-38FE9E5D6A2F.jpeg","jetpack_sharing_enabled":true,"jetpack_likes_enabled":true,"amp_enabled":true,"_links":{"self":[{"href":"https:\/\/encuentroinformativo.com.mx\/index.php?rest_route=\/wp\/v2\/posts\/32471","targetHints":{"allow":["GET"]}}],"collection":[{"href":"https:\/\/encuentroinformativo.com.mx\/index.php?rest_route=\/wp\/v2\/posts"}],"about":[{"href":"https:\/\/encuentroinformativo.com.mx\/index.php?rest_route=\/wp\/v2\/types\/post"}],"author":[{"embeddable":true,"href":"https:\/\/encuentroinformativo.com.mx\/index.php?rest_route=\/wp\/v2\/users\/1"}],"replies":[{"embeddable":true,"href":"https:\/\/encuentroinformativo.com.mx\/index.php?rest_route=%2Fwp%2Fv2%2Fcomments&post=32471"}],"version-history":[{"count":1,"href":"https:\/\/encuentroinformativo.com.mx\/index.php?rest_route=\/wp\/v2\/posts\/32471\/revisions"}],"predecessor-version":[{"id":32472,"href":"https:\/\/encuentroinformativo.com.mx\/index.php?rest_route=\/wp\/v2\/posts\/32471\/revisions\/32472"}],"wp:featuredmedia":[{"embeddable":true,"href":"https:\/\/encuentroinformativo.com.mx\/index.php?rest_route=\/wp\/v2\/media\/387"}],"wp:attachment":[{"href":"https:\/\/encuentroinformativo.com.mx\/index.php?rest_route=%2Fwp%2Fv2%2Fmedia&parent=32471"}],"wp:term":[{"taxonomy":"category","embeddable":true,"href":"https:\/\/encuentroinformativo.com.mx\/index.php?rest_route=%2Fwp%2Fv2%2Fcategories&post=32471"},{"taxonomy":"post_tag","embeddable":true,"href":"https:\/\/encuentroinformativo.com.mx\/index.php?rest_route=%2Fwp%2Fv2%2Ftags&post=32471"}],"curies":[{"name":"wp","href":"https:\/\/api.w.org\/{rel}","templated":true}]}}