{"id":32473,"date":"2022-10-10T13:00:43","date_gmt":"2022-10-10T18:00:43","guid":{"rendered":"https:\/\/encuentroinformativo.com.mx\/?p=32473"},"modified":"2022-10-10T13:00:47","modified_gmt":"2022-10-10T18:00:47","slug":"toman-docentes-supervision-escolar","status":"publish","type":"post","link":"https:\/\/encuentroinformativo.com.mx\/?p=32473","title":{"rendered":"Toman docentes supervisi\u00f3n escolar"},"content":{"rendered":"\n<p><strong>Juan Arcos<\/strong><\/p>\n\n\n\n<p>Xalapa, Ver.- Docentes de la zona escolar 074 de Xalapa protestaron y tomaron las oficinas de la supervisi\u00f3n escolar, ubicada en la esquina de la avenida Am\u00e9ricas con Maestros Veracruzanos.<\/p>\n\n\n\n<p>Los profesores se pronunciaron en contra de la designaci\u00f3n de Gustavo Ceballos Garc\u00eda como nuevo titular de la supervisi\u00f3n escolar mencionada.<\/p>\n\n\n\n<p>La directora de la primaria &#8220;Enrique Gonz\u00e1lez Llorca&#8221;, Paola Rivera, declar\u00f3 que dicha persona carece del perfil acad\u00e9mico necesario para ostentar el cargo.<\/p>\n\n\n\n<p>\u201cEs una persona que durante las funciones que ha ejercido, no es tolerante, no se abre al di\u00e1logo y ha hostigado al personal de la zona escolar\u201d, enfatiz\u00f3.<\/p>\n\n\n\n<p>La entrevistada record\u00f3 que fueron notificados sobre la asignaci\u00f3n desde el pasado martes 4 de octubre, situaci\u00f3n que ha generado una gran inconformidad entre el personal.<\/p>\n\n\n\n<p>Los inconformes pidieron la intervenci\u00f3n de autoridades de la Secretar\u00eda de Educaci\u00f3n de Veracruz (SEV) para que el nuevo supervisor sea separado del cargo.<\/p>\n\n\n\n<p>\u201cNos dijeron que iban a tratar de tomar acuerdos, pero nosotros no queremos m\u00e1s acuerdos, no queremos que esta persona est\u00e9 al frente, queremos que lo quiten\u201d, enfatiz\u00f3 Paola Rivera.En caso de que no sean atendidas sus demandas, los docentes amagaron con realizar plantones en los planteles de la zona escolar 074.<\/p>\n\n\n\n<figure class=\"wp-block-image size-large\"><img loading=\"lazy\" decoding=\"async\" width=\"960\" height=\"720\" src=\"https:\/\/encuentroinformativo.com.mx\/wp-content\/uploads\/2022\/10\/A9404FD5-5DE6-4A34-9605-49DC68DC65AE.jpeg\" alt=\"\" class=\"wp-image-32475\" srcset=\"https:\/\/encuentroinformativo.com.mx\/wp-content\/uploads\/2022\/10\/A9404FD5-5DE6-4A34-9605-49DC68DC65AE.jpeg 960w, https:\/\/encuentroinformativo.com.mx\/wp-content\/uploads\/2022\/10\/A9404FD5-5DE6-4A34-9605-49DC68DC65AE-300x225.jpeg 300w, https:\/\/encuentroinformativo.com.mx\/wp-content\/uploads\/2022\/10\/A9404FD5-5DE6-4A34-9605-49DC68DC65AE-768x576.jpeg 768w\" sizes=\"auto, (max-width: 960px) 100vw, 960px\" \/><\/figure>\n","protected":false},"excerpt":{"rendered":"<p>Juan Arcos Xalapa, Ver.- Docentes de la zona escolar 074 de Xalapa protestaron y tomaron las oficinas de la supervisi\u00f3n escolar, ubicada en la esquina de la avenida Am\u00e9ricas con Maestros Veracruzanos. Los profesores se pronunciaron en contra de la designaci\u00f3n de Gustavo Ceballos Garc\u00eda como nuevo titular de la supervisi\u00f3n escolar mencionada. La directora [&hellip;]<\/p>\n","protected":false},"author":1,"featured_media":32474,"comment_status":"open","ping_status":"open","sticky":false,"template":"","format":"standard","meta":{"_jetpack_memberships_contains_paid_content":false,"footnotes":""},"categories":[3],"tags":[],"class_list":["post-32473","post","type-post","status-publish","format-standard","has-post-thumbnail","hentry","category-xalapa"],"jetpack_featured_media_url":"https:\/\/encuentroinformativo.com.mx\/wp-content\/uploads\/2022\/10\/DB4F9197-B4A2-4340-863A-B4D1EEE6E8F0.jpeg","jetpack_sharing_enabled":true,"jetpack_likes_enabled":true,"amp_enabled":true,"_links":{"self":[{"href":"https:\/\/encuentroinformativo.com.mx\/index.php?rest_route=\/wp\/v2\/posts\/32473","targetHints":{"allow":["GET"]}}],"collection":[{"href":"https:\/\/encuentroinformativo.com.mx\/index.php?rest_route=\/wp\/v2\/posts"}],"about":[{"href":"https:\/\/encuentroinformativo.com.mx\/index.php?rest_route=\/wp\/v2\/types\/post"}],"author":[{"embeddable":true,"href":"https:\/\/encuentroinformativo.com.mx\/index.php?rest_route=\/wp\/v2\/users\/1"}],"replies":[{"embeddable":true,"href":"https:\/\/encuentroinformativo.com.mx\/index.php?rest_route=%2Fwp%2Fv2%2Fcomments&post=32473"}],"version-history":[{"count":1,"href":"https:\/\/encuentroinformativo.com.mx\/index.php?rest_route=\/wp\/v2\/posts\/32473\/revisions"}],"predecessor-version":[{"id":32476,"href":"https:\/\/encuentroinformativo.com.mx\/index.php?rest_route=\/wp\/v2\/posts\/32473\/revisions\/32476"}],"wp:featuredmedia":[{"embeddable":true,"href":"https:\/\/encuentroinformativo.com.mx\/index.php?rest_route=\/wp\/v2\/media\/32474"}],"wp:attachment":[{"href":"https:\/\/encuentroinformativo.com.mx\/index.php?rest_route=%2Fwp%2Fv2%2Fmedia&parent=32473"}],"wp:term":[{"taxonomy":"category","embeddable":true,"href":"https:\/\/encuentroinformativo.com.mx\/index.php?rest_route=%2Fwp%2Fv2%2Fcategories&post=32473"},{"taxonomy":"post_tag","embeddable":true,"href":"https:\/\/encuentroinformativo.com.mx\/index.php?rest_route=%2Fwp%2Fv2%2Ftags&post=32473"}],"curies":[{"name":"wp","href":"https:\/\/api.w.org\/{rel}","templated":true}]}}