{"id":32477,"date":"2022-10-10T13:08:24","date_gmt":"2022-10-10T18:08:24","guid":{"rendered":"https:\/\/encuentroinformativo.com.mx\/?p=32477"},"modified":"2022-10-10T13:08:29","modified_gmt":"2022-10-10T18:08:29","slug":"piden-a-sener-bajar-tarifas-electricas-para-veracruz","status":"publish","type":"post","link":"https:\/\/encuentroinformativo.com.mx\/?p=32477","title":{"rendered":"Piden a SENER bajar tarifas el\u00e9ctricas para Veracruz"},"content":{"rendered":"\n<p><strong>Dar\u00edo Pale <\/strong><\/p>\n\n\n\n<p>Xalapa, Ver.- El senador panista Julen Rementer\u00eda del Puerto opin\u00f3 que si en verdad la secretaria de Energ\u00eda quiere verdaderamente ayudar deber\u00eda hacer que bajen las tarifas como se hizo en Tabasco.<\/p>\n\n\n\n<p>En conferencia de prensa dijo que, &#8220;esto de las tarifas es generalizado, la pregunta es por qu\u00e9 si se pudo y por qu\u00e9 s\u00ed posaron para la foto en Tabasco y no lo hacen para Veracruz. No hay una raz\u00f3n t\u00e9cnica, eso s\u00ed ayudar\u00eda al tema econ\u00f3mico&#8221;.<\/p>\n\n\n\n<p>&#8220;Los responsables tienen nombre y apellido, \u00bfpor qu\u00e9 no bajan las tarifas de la luz?, hay un nombre y apellido y ese nombre coincide con la secretaria. Se lo digo a la titular de la SENER, empieza con R y N, creo que se llama Roc\u00edo y su apellido es Nahle&#8221;, se\u00f1al\u00f3.<\/p>\n\n\n\n<p>En otro orden de ideas Julen Rementer\u00eda, admiti\u00f3 que usa como pretexto de sus aspiraciones pol\u00edticas a la gubernatura, el andar recaudando firmas por todo el Estado y lo conozcan, la intenci\u00f3n es que se signe un acuerdo entre los gobiernos estatal y federal para que se reduzcan las tarifas de energ\u00eda el\u00e9ctrica.<\/p>\n\n\n\n<p>&#8220;Es muy f\u00e1cil evitar eso que firmen el acuerdo, se me quita el pretexto, ya no tendr\u00eda pretexto, ya no tendr\u00eda bandera para ello. Si ellos hacen el acuerdo dir\u00edan, qu\u00e9 crees, ya firmamos el acuerdo con el gobierno Federal, me quitan la bandera&#8221;, coment\u00f3.<\/p>\n\n\n\n<p>Finalmente dio a conocer que ya ha recorrido entre 10 y 12 municipios de los 212 para recaudar las firmas.<\/p>\n","protected":false},"excerpt":{"rendered":"<p>Dar\u00edo Pale Xalapa, Ver.- El senador panista Julen Rementer\u00eda del Puerto opin\u00f3 que si en verdad la secretaria de Energ\u00eda quiere verdaderamente ayudar deber\u00eda hacer que bajen las tarifas como se hizo en Tabasco. En conferencia de prensa dijo que, &#8220;esto de las tarifas es generalizado, la pregunta es por qu\u00e9 si se pudo y [&hellip;]<\/p>\n","protected":false},"author":1,"featured_media":21900,"comment_status":"open","ping_status":"open","sticky":false,"template":"","format":"standard","meta":{"_jetpack_memberships_contains_paid_content":false,"footnotes":""},"categories":[2],"tags":[],"class_list":["post-32477","post","type-post","status-publish","format-standard","has-post-thumbnail","hentry","category-estado"],"jetpack_featured_media_url":"https:\/\/encuentroinformativo.com.mx\/wp-content\/uploads\/2022\/01\/EE636F4B-86CC-4303-932B-0089F1854E45.jpeg","jetpack_sharing_enabled":true,"jetpack_likes_enabled":true,"amp_enabled":true,"_links":{"self":[{"href":"https:\/\/encuentroinformativo.com.mx\/index.php?rest_route=\/wp\/v2\/posts\/32477","targetHints":{"allow":["GET"]}}],"collection":[{"href":"https:\/\/encuentroinformativo.com.mx\/index.php?rest_route=\/wp\/v2\/posts"}],"about":[{"href":"https:\/\/encuentroinformativo.com.mx\/index.php?rest_route=\/wp\/v2\/types\/post"}],"author":[{"embeddable":true,"href":"https:\/\/encuentroinformativo.com.mx\/index.php?rest_route=\/wp\/v2\/users\/1"}],"replies":[{"embeddable":true,"href":"https:\/\/encuentroinformativo.com.mx\/index.php?rest_route=%2Fwp%2Fv2%2Fcomments&post=32477"}],"version-history":[{"count":1,"href":"https:\/\/encuentroinformativo.com.mx\/index.php?rest_route=\/wp\/v2\/posts\/32477\/revisions"}],"predecessor-version":[{"id":32478,"href":"https:\/\/encuentroinformativo.com.mx\/index.php?rest_route=\/wp\/v2\/posts\/32477\/revisions\/32478"}],"wp:featuredmedia":[{"embeddable":true,"href":"https:\/\/encuentroinformativo.com.mx\/index.php?rest_route=\/wp\/v2\/media\/21900"}],"wp:attachment":[{"href":"https:\/\/encuentroinformativo.com.mx\/index.php?rest_route=%2Fwp%2Fv2%2Fmedia&parent=32477"}],"wp:term":[{"taxonomy":"category","embeddable":true,"href":"https:\/\/encuentroinformativo.com.mx\/index.php?rest_route=%2Fwp%2Fv2%2Fcategories&post=32477"},{"taxonomy":"post_tag","embeddable":true,"href":"https:\/\/encuentroinformativo.com.mx\/index.php?rest_route=%2Fwp%2Fv2%2Ftags&post=32477"}],"curies":[{"name":"wp","href":"https:\/\/api.w.org\/{rel}","templated":true}]}}