{"id":32496,"date":"2022-10-10T13:48:33","date_gmt":"2022-10-10T18:48:33","guid":{"rendered":"https:\/\/encuentroinformativo.com.mx\/?p=32496"},"modified":"2022-10-10T13:48:37","modified_gmt":"2022-10-10T18:48:37","slug":"descarta-semar-reforzar-seguridad-digital-tras-hackeo-a-sedena","status":"publish","type":"post","link":"https:\/\/encuentroinformativo.com.mx\/?p=32496","title":{"rendered":"Descarta SEMAR reforzar seguridad digital tras &#8220;hackeo&#8221; a SEDENA"},"content":{"rendered":"\n<p><strong>Alejandro \u00c1vila<\/strong><\/p>\n\n\n\n<p>Veracruz, Ver.- La Secretar\u00eda de Marina (SEMAR) descart\u00f3 que, tras el &#8220;hackeo&#8221; el que fue objeto la Secretar\u00eda de la Defensa Nacional (SEDENA) por el grupo internacional &#8216;Guacamaya&#8217;, la corporaci\u00f3n federal vaya a reforzar su seguridad digital.<\/p>\n\n\n\n<p>El Comandante de la Tercera Regi\u00f3n Naval de Veracruz, Fernando Alfonso Angli Rodr\u00edguez, dijo que en el caso de la Secretar\u00eda de Marina se aplican sistemas rigurosos de seguridad para evitar cualquier tipo de filtraci\u00f3n de informaci\u00f3n reservada.&nbsp;<\/p>\n\n\n\n<p>En ese sentido, reconoci\u00f3 que cualquier corporaci\u00f3n, instituci\u00f3n o gobierno est\u00e1 en riesgo de ser v\u00edctima de un ataque, pues incluso ha ocurrido con organismos internacionales, aunque descart\u00f3 que esto ocurra frecuentemente.&nbsp;<\/p>\n\n\n\n<p>Rechaz\u00f3 que a ra\u00edz de lo ocurrido con la SEDENA se hayan reforzado los sistemas o cambiado las estrategias de seguridad ante el temor de ser &#8216;hackeados&#8217;, el Comandante de la SEMAR dijo que a pesar del riesgo, cuentan con &#8216;murallas&#8217; que evitan la filtraci\u00f3n de informaci\u00f3n.<\/p>\n\n\n\n<p>&#8220;La Marina siempre hemos tenido precauci\u00f3n, siempre hemos sido precavidos y contamos con murallas para evitar eso, siempre la hemos tenido [\u2026] seguimos con lo mismo que ganemos [\u2026] todo es riesgo, en toda acci\u00f3n y lugar en donde t\u00fa mantengas equipo electr\u00f3nico y conectado tiene riesgo, todos, incluso han hackeado a otras instituciones internacionales todas tienen riesgo y tenemos que aprender a trabajar con ello &#8221;&nbsp;<\/p>\n\n\n\n<p>Por otra parte, agreg\u00f3 que mantendr\u00e1n presencia en el malec\u00f3n de Veracruz para evitar que los ambulantes se vuelvan a instalar.<\/p>\n","protected":false},"excerpt":{"rendered":"<p>Alejandro \u00c1vila Veracruz, Ver.- La Secretar\u00eda de Marina (SEMAR) descart\u00f3 que, tras el &#8220;hackeo&#8221; el que fue objeto la Secretar\u00eda de la Defensa Nacional (SEDENA) por el grupo internacional &#8216;Guacamaya&#8217;, la corporaci\u00f3n federal vaya a reforzar su seguridad digital. El Comandante de la Tercera Regi\u00f3n Naval de Veracruz, Fernando Alfonso Angli Rodr\u00edguez, dijo que en [&hellip;]<\/p>\n","protected":false},"author":1,"featured_media":32497,"comment_status":"open","ping_status":"open","sticky":false,"template":"","format":"standard","meta":{"_jetpack_memberships_contains_paid_content":false,"footnotes":""},"categories":[2],"tags":[],"class_list":["post-32496","post","type-post","status-publish","format-standard","has-post-thumbnail","hentry","category-estado"],"jetpack_featured_media_url":"https:\/\/encuentroinformativo.com.mx\/wp-content\/uploads\/2022\/10\/F122B565-A2D3-4FC8-AA1E-050E63C83E45.jpeg","jetpack_sharing_enabled":true,"jetpack_likes_enabled":true,"amp_enabled":true,"_links":{"self":[{"href":"https:\/\/encuentroinformativo.com.mx\/index.php?rest_route=\/wp\/v2\/posts\/32496","targetHints":{"allow":["GET"]}}],"collection":[{"href":"https:\/\/encuentroinformativo.com.mx\/index.php?rest_route=\/wp\/v2\/posts"}],"about":[{"href":"https:\/\/encuentroinformativo.com.mx\/index.php?rest_route=\/wp\/v2\/types\/post"}],"author":[{"embeddable":true,"href":"https:\/\/encuentroinformativo.com.mx\/index.php?rest_route=\/wp\/v2\/users\/1"}],"replies":[{"embeddable":true,"href":"https:\/\/encuentroinformativo.com.mx\/index.php?rest_route=%2Fwp%2Fv2%2Fcomments&post=32496"}],"version-history":[{"count":1,"href":"https:\/\/encuentroinformativo.com.mx\/index.php?rest_route=\/wp\/v2\/posts\/32496\/revisions"}],"predecessor-version":[{"id":32498,"href":"https:\/\/encuentroinformativo.com.mx\/index.php?rest_route=\/wp\/v2\/posts\/32496\/revisions\/32498"}],"wp:featuredmedia":[{"embeddable":true,"href":"https:\/\/encuentroinformativo.com.mx\/index.php?rest_route=\/wp\/v2\/media\/32497"}],"wp:attachment":[{"href":"https:\/\/encuentroinformativo.com.mx\/index.php?rest_route=%2Fwp%2Fv2%2Fmedia&parent=32496"}],"wp:term":[{"taxonomy":"category","embeddable":true,"href":"https:\/\/encuentroinformativo.com.mx\/index.php?rest_route=%2Fwp%2Fv2%2Fcategories&post=32496"},{"taxonomy":"post_tag","embeddable":true,"href":"https:\/\/encuentroinformativo.com.mx\/index.php?rest_route=%2Fwp%2Fv2%2Ftags&post=32496"}],"curies":[{"name":"wp","href":"https:\/\/api.w.org\/{rel}","templated":true}]}}