{"id":3250,"date":"2020-06-10T18:51:06","date_gmt":"2020-06-10T23:51:06","guid":{"rendered":"https:\/\/encuentroinformativo.com\/?p=3250"},"modified":"2020-06-10T18:51:08","modified_gmt":"2020-06-10T23:51:08","slug":"aumenta-a-11-casos-positivos-de-covid-en-coatepec-van-4-decesos","status":"publish","type":"post","link":"https:\/\/encuentroinformativo.com.mx\/?p=3250","title":{"rendered":"Aumenta a 11 casos positivos de Covid en Coatepec, van 4 decesos"},"content":{"rendered":"\n<p><strong>Juan Arcos <\/strong><\/p>\n\n\n\n<p>Coatepec, Ver.- Cuatro personas han fallecido en el municipio de Coatepec por la pandemia del Covid-19.<\/p>\n\n\n\n<p>El presidente municipal Luis Enrique Fern\u00e1ndez Peredo inform\u00f3 que los casos confirmados aumentaron a 19, de los cuales nueve se mantienen activos.<\/p>\n\n\n\n<p>Adem\u00e1s, 16 casos se encuentran en investigaci\u00f3n en el Pueblo M\u00e1gico.<\/p>\n\n\n\n<p>Del 1 al 10 de junio, los contagios han aumentado de manera considerable.<\/p>\n\n\n\n<p>En esos nueve d\u00edas se registraron 11 nuevos casos positivos y tres defunciones por el virus mencionado.<\/p>\n\n\n\n<p>El Alcalde indic\u00f3 que continuar\u00e1n implement\u00e1ndose las medidas sanitarias en el municipio para frenar los contagios.<\/p>\n\n\n\n<p>\u201cEn Coatepec, nos encontramos en una fase cr\u00edtica, al realizar una comparativa de los reportes del 1 de junio a la fecha, se ha detectado un incremento importante en el n\u00famero de contagios y defunciones por COVID-19 en el municipio. Por lo tanto exhortamos a la ciudadan\u00eda a cumplir con todas las medidas sanitarias para combatir la propagaci\u00f3n de este virus\u201d, se lee en sus cuentas de redes sociales.<\/p>\n\n\n\n<p>El edil indic\u00f3 que se lleva a cabo una campa\u00f1a de concientizaci\u00f3n, tanto en la cabecera municipal como en las congregaciones, para que la ciudadan\u00eda acate las medidas sanitarias.<\/p>\n\n\n\n<p>Adem\u00e1s, se han repartido cubrebocas en las zonas mencionadas, como parte de una medida preventiva.<\/p>\n\n\n\n<p><\/p>\n","protected":false},"excerpt":{"rendered":"<p>Juan Arcos Coatepec, Ver.- Cuatro personas han fallecido en el municipio de Coatepec por la pandemia del Covid-19. El presidente municipal Luis Enrique Fern\u00e1ndez Peredo inform\u00f3 que los casos confirmados aumentaron a 19, de los cuales nueve se mantienen activos. Adem\u00e1s, 16 casos se encuentran en investigaci\u00f3n en el Pueblo M\u00e1gico. Del 1 al 10 [&hellip;]<\/p>\n","protected":false},"author":1,"featured_media":1844,"comment_status":"open","ping_status":"open","sticky":false,"template":"","format":"standard","meta":{"_jetpack_memberships_contains_paid_content":false,"footnotes":""},"categories":[9],"tags":[],"class_list":["post-3250","post","type-post","status-publish","format-standard","has-post-thumbnail","hentry","category-salud"],"jetpack_featured_media_url":"https:\/\/encuentroinformativo.com.mx\/wp-content\/uploads\/2020\/04\/5E2E475C-C2BC-47A2-A17A-FEC3E0721192.jpeg","jetpack_sharing_enabled":true,"jetpack_likes_enabled":true,"amp_enabled":true,"_links":{"self":[{"href":"https:\/\/encuentroinformativo.com.mx\/index.php?rest_route=\/wp\/v2\/posts\/3250","targetHints":{"allow":["GET"]}}],"collection":[{"href":"https:\/\/encuentroinformativo.com.mx\/index.php?rest_route=\/wp\/v2\/posts"}],"about":[{"href":"https:\/\/encuentroinformativo.com.mx\/index.php?rest_route=\/wp\/v2\/types\/post"}],"author":[{"embeddable":true,"href":"https:\/\/encuentroinformativo.com.mx\/index.php?rest_route=\/wp\/v2\/users\/1"}],"replies":[{"embeddable":true,"href":"https:\/\/encuentroinformativo.com.mx\/index.php?rest_route=%2Fwp%2Fv2%2Fcomments&post=3250"}],"version-history":[{"count":1,"href":"https:\/\/encuentroinformativo.com.mx\/index.php?rest_route=\/wp\/v2\/posts\/3250\/revisions"}],"predecessor-version":[{"id":3251,"href":"https:\/\/encuentroinformativo.com.mx\/index.php?rest_route=\/wp\/v2\/posts\/3250\/revisions\/3251"}],"wp:featuredmedia":[{"embeddable":true,"href":"https:\/\/encuentroinformativo.com.mx\/index.php?rest_route=\/wp\/v2\/media\/1844"}],"wp:attachment":[{"href":"https:\/\/encuentroinformativo.com.mx\/index.php?rest_route=%2Fwp%2Fv2%2Fmedia&parent=3250"}],"wp:term":[{"taxonomy":"category","embeddable":true,"href":"https:\/\/encuentroinformativo.com.mx\/index.php?rest_route=%2Fwp%2Fv2%2Fcategories&post=3250"},{"taxonomy":"post_tag","embeddable":true,"href":"https:\/\/encuentroinformativo.com.mx\/index.php?rest_route=%2Fwp%2Fv2%2Ftags&post=3250"}],"curies":[{"name":"wp","href":"https:\/\/api.w.org\/{rel}","templated":true}]}}