{"id":32502,"date":"2022-10-10T16:37:02","date_gmt":"2022-10-10T21:37:02","guid":{"rendered":"https:\/\/encuentroinformativo.com.mx\/?p=32502"},"modified":"2022-10-10T16:37:06","modified_gmt":"2022-10-10T21:37:06","slug":"por-crisis-abandonan-productores-actividades-del-campo","status":"publish","type":"post","link":"https:\/\/encuentroinformativo.com.mx\/?p=32502","title":{"rendered":"Por crisis, abandonan productores actividades del campo"},"content":{"rendered":"\n<p><strong>Dar\u00edo Pale <\/strong><\/p>\n\n\n\n<p>Xalapa, Ver.- Lamentablemente hay productores en la entidad veracruzana que quieren dejar su actividad porque \u201cla tierra ya no da\u201d, y por lo que han ampliado la capacitaci\u00f3n, as\u00ed lo inform\u00f3 la subsecretaria de Desarrollo Rural, Infraestructura y Agronegocios, Mar\u00eda Josefa Hern\u00e1ndez Santiago.<\/p>\n\n\n\n<p>En entrevista reconoci\u00f3 que despu\u00e9s de varios ciclos de cultivo y las adversidades con las que se encuentran los productores optan por dejar ciertos cultivos.<\/p>\n\n\n\n<p>\u201cLas asistencias t\u00e9cnicas forman parte del apoyo al productor, muchas veces dicen que la tierra ya no da pero se les dan herramientas para que sigan siendo productivas\u201d, coment\u00f3.<\/p>\n\n\n\n<p>Dio a conocer que la Secretar\u00eda de Desarrollo Agropecuario, Rural y Pesca (Sedarpa) brinda apoyo t\u00e9cnico a los productores para darles herramientas que les permitan nuevamente hacer rentable a su tierra.<\/p>\n\n\n\n<p>\u201cLlevarle al productor la asistencia t\u00e9cnica, el conocimiento para que impulsen todos esos productos como el ma\u00edz, caf\u00e9, naranja. Se designa un t\u00e9cnico por municipio y ese t\u00e9cnico con dos o cuatro m\u00e1s atienden a los productores\u201d, se\u00f1al\u00f3.<\/p>\n\n\n\n<p>Record\u00f3 que actualmente hay 500 t\u00e9cnicos que est\u00e1n diseminados en toda la entidad veracruzana y hacen grupos de 20 productores para trabajar con ellos, por lo que para el pr\u00f3ximo a\u00f1o la SEDARPA contratar\u00e1 500 nuevos t\u00e9cnicos, con lo cual la dependencia contar\u00e1 con mil t\u00e9cnicos para el apoyo a los productores del campo, luego del decreto por el que se elimina el glifosato por decreto.<\/p>\n\n\n\n<p>Explic\u00f3 que la idea es que los t\u00e9cnicos apoyen a los productores para que puedan incrementar el tonelaje de sus productos, los 500 t\u00e9cnicos que existen actualmente trabajan distribuidos en los 212 municipios.<\/p>\n\n\n\n<p>\u201cSon 500 t\u00e9cnicos, se tiene pensado 500 m\u00e1s, vamos ver el impacto primero, tenemos que ver qu\u00e9 ya se produjo, qu\u00e9 tienen los productores, los t\u00e9cnicos les est\u00e1n dando los elementos necesarios para trabajar de manera agroecol\u00f3gica&#8221;, destac\u00f3.<\/p>\n\n\n\n<p>En relaci\u00f3n al incremento a la producci\u00f3n de ma\u00edz, refiri\u00f3 que la intenci\u00f3n es capacitar cada vez m\u00e1s a los t\u00e9cnicos para que ayuden a los productores a incrementar el tonelaje.<\/p>\n\n\n\n<p>En otro orden de ideas la funcionaria record\u00f3 que en enero del pr\u00f3ximo a\u00f1o se dejar\u00e1 de vender el glifosato por decreto presidencial.<\/p>\n\n\n\n<p>Por lo tanto, los productores de Veracruz y del pa\u00eds tendr\u00e1n que dejar de usar ese herbicida y las administraciones deber\u00e1n de ense\u00f1ar a los productores todas las pr\u00e1cticas agroecol\u00f3gicas.<\/p>\n\n\n\n<p>&#8220;Todav\u00eda no tenemos el dato de cu\u00e1nto va a costar, pero hay muchas pr\u00e1cticas agroecol\u00f3gicas, hay muchas formas&#8221;, coment\u00f3.<\/p>\n\n\n\n<p>Finalmente reconoci\u00f3 que la mayor\u00eda de los productores desconocen esas nuevas pr\u00e1cticas, por ello insisti\u00f3 en la importancia de la capacitaci\u00f3n y apoyo de los t\u00e9cnicos en el campo, &#8220;ser\u00e1n para el siguiente a\u00f1o, no tenemos el dato, depender\u00e1 del presupuesto&#8221;.<\/p>\n","protected":false},"excerpt":{"rendered":"<p>Dar\u00edo Pale Xalapa, Ver.- Lamentablemente hay productores en la entidad veracruzana que quieren dejar su actividad porque \u201cla tierra ya no da\u201d, y por lo que han ampliado la capacitaci\u00f3n, as\u00ed lo inform\u00f3 la subsecretaria de Desarrollo Rural, Infraestructura y Agronegocios, Mar\u00eda Josefa Hern\u00e1ndez Santiago. En entrevista reconoci\u00f3 que despu\u00e9s de varios ciclos de cultivo [&hellip;]<\/p>\n","protected":false},"author":1,"featured_media":32503,"comment_status":"open","ping_status":"open","sticky":false,"template":"","format":"standard","meta":{"_jetpack_memberships_contains_paid_content":false,"footnotes":""},"categories":[2],"tags":[],"class_list":["post-32502","post","type-post","status-publish","format-standard","has-post-thumbnail","hentry","category-estado"],"jetpack_featured_media_url":"https:\/\/encuentroinformativo.com.mx\/wp-content\/uploads\/2022\/10\/88713F7A-052F-4C08-AF2C-AC6F79CFC974.jpeg","jetpack_sharing_enabled":true,"jetpack_likes_enabled":true,"amp_enabled":true,"_links":{"self":[{"href":"https:\/\/encuentroinformativo.com.mx\/index.php?rest_route=\/wp\/v2\/posts\/32502","targetHints":{"allow":["GET"]}}],"collection":[{"href":"https:\/\/encuentroinformativo.com.mx\/index.php?rest_route=\/wp\/v2\/posts"}],"about":[{"href":"https:\/\/encuentroinformativo.com.mx\/index.php?rest_route=\/wp\/v2\/types\/post"}],"author":[{"embeddable":true,"href":"https:\/\/encuentroinformativo.com.mx\/index.php?rest_route=\/wp\/v2\/users\/1"}],"replies":[{"embeddable":true,"href":"https:\/\/encuentroinformativo.com.mx\/index.php?rest_route=%2Fwp%2Fv2%2Fcomments&post=32502"}],"version-history":[{"count":1,"href":"https:\/\/encuentroinformativo.com.mx\/index.php?rest_route=\/wp\/v2\/posts\/32502\/revisions"}],"predecessor-version":[{"id":32504,"href":"https:\/\/encuentroinformativo.com.mx\/index.php?rest_route=\/wp\/v2\/posts\/32502\/revisions\/32504"}],"wp:featuredmedia":[{"embeddable":true,"href":"https:\/\/encuentroinformativo.com.mx\/index.php?rest_route=\/wp\/v2\/media\/32503"}],"wp:attachment":[{"href":"https:\/\/encuentroinformativo.com.mx\/index.php?rest_route=%2Fwp%2Fv2%2Fmedia&parent=32502"}],"wp:term":[{"taxonomy":"category","embeddable":true,"href":"https:\/\/encuentroinformativo.com.mx\/index.php?rest_route=%2Fwp%2Fv2%2Fcategories&post=32502"},{"taxonomy":"post_tag","embeddable":true,"href":"https:\/\/encuentroinformativo.com.mx\/index.php?rest_route=%2Fwp%2Fv2%2Ftags&post=32502"}],"curies":[{"name":"wp","href":"https:\/\/api.w.org\/{rel}","templated":true}]}}