{"id":32505,"date":"2022-10-10T16:42:42","date_gmt":"2022-10-10T21:42:42","guid":{"rendered":"https:\/\/encuentroinformativo.com.mx\/?p=32505"},"modified":"2022-10-10T16:42:46","modified_gmt":"2022-10-10T21:42:46","slug":"inicia-alcalde-jm-unanue-construccion-de-red-de-agua-potable-y-red-de-drenaje-en-el-fraccionamiento-virginia","status":"publish","type":"post","link":"https:\/\/encuentroinformativo.com.mx\/?p=32505","title":{"rendered":"Inicia Alcalde JM Un\u00e1nue construcci\u00f3n de red de agua potable y red de drenaje en el Fraccionamiento Virginia"},"content":{"rendered":"\n<p><strong>*<em>Adem\u00e1s se pavimentar\u00e1n en concreto hidr\u00e1ulico dos tramos importantes: la Avenida Lafragua entre Paseo Jard\u00edn y D\u00edaz Mir\u00f3n, as\u00ed como Paseo Jard\u00edn entre Lafragua y Vasco de Gama<\/em>.<\/strong><\/p>\n\n\n\n<p>Boca del R\u00edo, Ver.- Una obra solicitada, otra acci\u00f3n cumplida, es el caso de la rehabilitaci\u00f3n de la red drenaje sanitario y de agua potable en la avenida Lafragua entre Paseo Jard\u00edn y D\u00edaz Mir\u00f3n, as\u00ed como entre la avenida Lafragua y Vasco de Gama del Fraccionamiento Virginia.<\/p>\n\n\n\n<p>\u201cEs una obra muy importante para la ciudad, una zona muy transitada, pero tambi\u00e9n una zona que tiene sus descuidos y que hay que atender\u201d, enfatiz\u00f3 el Alcalde de Boca del R\u00edo, Juan Manuel Un\u00e1nue Abascal.<\/p>\n\n\n\n<p>Inform\u00f3 que esta obra esta incluida en el Plan General de Inversi\u00f3n beneficiando directamente a m\u00e1s de 500 personas y 5 mil veh\u00edculos que transitan diario por esta importante avenida.<\/p>\n\n\n\n<p>Dicha obra se divide en dos etapas; en la construcci\u00f3n de la red de drenaje sanitario y de agua potable, concluyendo con la pavimentaci\u00f3n en concreto hidr\u00e1ulico de calidad y que tendr\u00e1 una larga duraci\u00f3n.<\/p>\n\n\n\n<p>Un\u00e1nue Abascal, apunt\u00f3 que, con esta rehabilitaci\u00f3n, se est\u00e1 corrigiendo y se evitar\u00e1n futuros problemas de encharcamientos e inundaciones en la zona, adem\u00e1s del drenaje sanitario, cargas domiciliarias y red de agua potable, tambi\u00e9n se construir\u00e1n guarniciones y banquetas.<\/p>\n\n\n\n<p>Tambi\u00e9n se realizar\u00e1 se\u00f1alizaci\u00f3n vial horizontal, raya continua y discontinua, flechas de sentido, sumando cruce de peatones y pintura hule clorado en guarniciones.<\/p>\n\n\n\n<p>Por otra parte, la primera autoridad del municipio solicit\u00f3 a los ciudadanos a tener paciencia por los inconvenientes viales que se generan, por lo que hace un llamado a las boque\u00f1as y boque\u00f1os a tomar v\u00edas alternas, ya que esta obra tiene un tiempo de ejecuci\u00f3n de casi dos meses.<\/p>\n\n\n\n<p>Asimismo, agreg\u00f3 que a la par de esta obras, se est\u00e1n realizando otras m\u00e1s en la ciudad, atendi\u00e9ndose con mantenimiento urbano, as\u00ed como con el programa general de bacheo.<\/p>\n","protected":false},"excerpt":{"rendered":"<p>*Adem\u00e1s se pavimentar\u00e1n en concreto hidr\u00e1ulico dos tramos importantes: la Avenida Lafragua entre Paseo Jard\u00edn y D\u00edaz Mir\u00f3n, as\u00ed como Paseo Jard\u00edn entre Lafragua y Vasco de Gama. Boca del R\u00edo, Ver.- Una obra solicitada, otra acci\u00f3n cumplida, es el caso de la rehabilitaci\u00f3n de la red drenaje sanitario y de agua potable en la [&hellip;]<\/p>\n","protected":false},"author":1,"featured_media":32506,"comment_status":"open","ping_status":"open","sticky":false,"template":"","format":"standard","meta":{"_jetpack_memberships_contains_paid_content":false,"footnotes":""},"categories":[2],"tags":[],"class_list":["post-32505","post","type-post","status-publish","format-standard","has-post-thumbnail","hentry","category-estado"],"jetpack_featured_media_url":"https:\/\/encuentroinformativo.com.mx\/wp-content\/uploads\/2022\/10\/38503F83-9E4A-4973-849F-ACE62BA5EAAA.jpeg","jetpack_sharing_enabled":true,"jetpack_likes_enabled":true,"amp_enabled":true,"_links":{"self":[{"href":"https:\/\/encuentroinformativo.com.mx\/index.php?rest_route=\/wp\/v2\/posts\/32505","targetHints":{"allow":["GET"]}}],"collection":[{"href":"https:\/\/encuentroinformativo.com.mx\/index.php?rest_route=\/wp\/v2\/posts"}],"about":[{"href":"https:\/\/encuentroinformativo.com.mx\/index.php?rest_route=\/wp\/v2\/types\/post"}],"author":[{"embeddable":true,"href":"https:\/\/encuentroinformativo.com.mx\/index.php?rest_route=\/wp\/v2\/users\/1"}],"replies":[{"embeddable":true,"href":"https:\/\/encuentroinformativo.com.mx\/index.php?rest_route=%2Fwp%2Fv2%2Fcomments&post=32505"}],"version-history":[{"count":1,"href":"https:\/\/encuentroinformativo.com.mx\/index.php?rest_route=\/wp\/v2\/posts\/32505\/revisions"}],"predecessor-version":[{"id":32507,"href":"https:\/\/encuentroinformativo.com.mx\/index.php?rest_route=\/wp\/v2\/posts\/32505\/revisions\/32507"}],"wp:featuredmedia":[{"embeddable":true,"href":"https:\/\/encuentroinformativo.com.mx\/index.php?rest_route=\/wp\/v2\/media\/32506"}],"wp:attachment":[{"href":"https:\/\/encuentroinformativo.com.mx\/index.php?rest_route=%2Fwp%2Fv2%2Fmedia&parent=32505"}],"wp:term":[{"taxonomy":"category","embeddable":true,"href":"https:\/\/encuentroinformativo.com.mx\/index.php?rest_route=%2Fwp%2Fv2%2Fcategories&post=32505"},{"taxonomy":"post_tag","embeddable":true,"href":"https:\/\/encuentroinformativo.com.mx\/index.php?rest_route=%2Fwp%2Fv2%2Ftags&post=32505"}],"curies":[{"name":"wp","href":"https:\/\/api.w.org\/{rel}","templated":true}]}}