{"id":32511,"date":"2022-10-11T09:06:46","date_gmt":"2022-10-11T14:06:46","guid":{"rendered":"https:\/\/encuentroinformativo.com.mx\/?p=32511"},"modified":"2022-10-11T09:06:49","modified_gmt":"2022-10-11T14:06:49","slug":"el-fenomeno-morena","status":"publish","type":"post","link":"https:\/\/encuentroinformativo.com.mx\/?p=32511","title":{"rendered":"EL FEN\u00d3MENO MORENA"},"content":{"rendered":"\n<p><strong>Los Pol\u00edticos<\/strong><\/p>\n\n\n\n<p><strong>Salvador Mu\u00f1oz<\/strong><\/p>\n\n\n\n<p>Morena es un fen\u00f3meno pol\u00edtico al cual creo que nadie estaba preparado\u2026 ni el PRI, PAN, PRD, Movimiento Ciudadano\u2026 \u00a1los empresarios menos!; de cierto modo, tampoco la prensa; quiz\u00e1s ni los ciudadanos y en una de \u00e9sas, \u00a1ni los mismos morenos!<\/p>\n\n\n\n<p>Si se pudiera hacer un balance local de los morenos, por as\u00ed decirlo, un buen ejemplo ser\u00eda el Congreso local, desde la LXIV Legislatura, pasando a la LXV y concluyendo con \u00e9sta que sigue en tr\u00e1mite, y aunque no lo crea, podemos hablar que de cierto modo, hay un avance significativo\u2026 en contados diputados.<\/p>\n\n\n\n<p>De los diez que ten\u00eda Morena en la LXIV, sum\u00f3 y rest\u00f3 muy pronto\u2026 perdi\u00f3 a July Sheridan y a Eva Cadena, pero gan\u00f3 a Cinthya Lobato, al Gallo Bolo y a Sergio Rodr\u00edguez Cort\u00e9s\u2026<\/p>\n\n\n\n<p>Del papel de porros legislativos de esa Legislatura pasaron a la siguiente, como Aplanadora conducida por cafre\u2026 La Mayor\u00eda de ese Morena eran perfectos desconocidos para la pol\u00edtica com\u00fan\u2026 contados los que de un modo u otro, ten\u00edan nociones de pol\u00edtica, leyes, o ya de perdis, alguna licenciatura\u2026 contados los que s\u00ed se enfrascaron a estudiar el papel que les tocaba hacer en el Congreso como representantes populares, y recordados los que su inexperiencia les dio un lugar en el anecdotario de lo que no se debe de hacer en Tribuna\u2026<\/p>\n\n\n\n<p>En la LXV llegaron 28 morenos y fueron sumando para su causa\u2026 le quitaron uno a Movimiento Ciudadano, y consiguieron alianza con algunos del PAN y el PRI\u2026<\/p>\n\n\n\n<p>En esta LXV Legislatura, la Aplanadora morena ya teje m\u00e1s fino y hay m\u00e1s quehacer pol\u00edtico en sus diputados, pero esto no quiere decir que en todos, porque si bien, hay quienes repiten en el Congreso, con ellas (o ellos) se confirma que lo que Natura non da, Salamanca non presta.<\/p>\n\n\n\n<p>En el 2018, se dice que Morena asume el poder gracias al efecto AMLO\u2026 Las siguientes elecciones dan la misma facultad al Presidente, a tal grado que hoy en Veracruz, el Movimiento ha permeado en gran parte del Estado y si volteamos, en un gran porcentaje del pa\u00eds\u2026 s\u00ed, podemos seguir atribuyendo estos logros al \u201cEfecto AMLO\u201d\u2026 es decir, se le concede al Presidente m\u00e1s efecto que un chanfle de Lio Messi\u2026<\/p>\n\n\n\n<p>Algo que destacar: desde el inicio del Gobierno hasta la fecha, el Presidente ha sido zarandeado por diversos esc\u00e1ndalos envueltos en corrupci\u00f3n, sea por parte de su c\u00edrculo cercano o hasta por sus familiares; se le han publicado audios; se le ha reprobado en el manejo de finanzas, de pandemia, por falta de medicamentos, de la inflaci\u00f3n, de la gasolina, por los altos precios de la canasta b\u00e1sica, la alarmante violencia, \u00a1hasta por el hackeo a la Sedena con todo y las exposiciones y exhibiciones a su gobierno! pero el Presidente mantiene sus est\u00e1ndares de popularidad en lo alto\u2026<\/p>\n\n\n\n<p>No hay que ser un genio para saber que L\u00f3pez Obrador habr\u00e1 de mantener ese efecto AMLO en el 2024 y si me apuran, pasado \u00e9ste\u2026<\/p>\n\n\n\n<p>S\u00ed hay que ser un est\u00fapido si se est\u00e1 a la espera de que la gente se canse de la Cuarta Transformaci\u00f3n y conceda de nuevo la oportunidad a la Oposici\u00f3n de que tome las riendas del Gobierno o se la d\u00e9 a uno nuevo\u2026<\/p>\n\n\n\n<p>Si hay un partido que sepa c\u00f3mo se mantiene el poder, sin duda alguna es el PRI: M\u00e1s de 80 a\u00f1os de reinado lo avalan\u2026 y est\u00e1 claro para el Presidente que el Poder no s\u00f3lo lo va a mantener con su popularidad\u2026 hay que hacer una pinza para que por un lado con su \u201csimpat\u00eda\u201d, se cierre con un sinf\u00edn de programas sociales que hagan sentir especial a los abuelos y tranquilidad a los j\u00f3venes\u2026 aunado al control total de organismos\u2026<\/p>\n\n\n\n<p>Morena puede ser lo m\u00e1s antipol\u00edtico que pueda haber en el acostumbrado quehacer pol\u00edtico, pero estoy seguro que por uno que rechace lo ordinario que puede ser un militante, diputado, senador, gobernador o hasta el mismo Presidente, habr\u00e1 diez que se identifiquen con ello\u2026 si no me cree, \u00bfpor qu\u00e9 los porte\u00f1os tienen de Reina a Yeri Mua? \u00a1De tarea!<\/p>\n","protected":false},"excerpt":{"rendered":"<p>Los Pol\u00edticos Salvador Mu\u00f1oz Morena es un fen\u00f3meno pol\u00edtico al cual creo que nadie estaba preparado\u2026 ni el PRI, PAN, PRD, Movimiento Ciudadano\u2026 \u00a1los empresarios menos!; de cierto modo, tampoco la prensa; quiz\u00e1s ni los ciudadanos y en una de \u00e9sas, \u00a1ni los mismos morenos! Si se pudiera hacer un balance local de los morenos, [&hellip;]<\/p>\n","protected":false},"author":1,"featured_media":387,"comment_status":"open","ping_status":"open","sticky":false,"template":"","format":"standard","meta":{"_jetpack_memberships_contains_paid_content":false,"footnotes":""},"categories":[11],"tags":[],"class_list":["post-32511","post","type-post","status-publish","format-standard","has-post-thumbnail","hentry","category-opinion"],"jetpack_featured_media_url":"https:\/\/encuentroinformativo.com.mx\/wp-content\/uploads\/2020\/03\/7CF8A22B-2764-47BE-8F7F-38FE9E5D6A2F.jpeg","jetpack_sharing_enabled":true,"jetpack_likes_enabled":true,"amp_enabled":true,"_links":{"self":[{"href":"https:\/\/encuentroinformativo.com.mx\/index.php?rest_route=\/wp\/v2\/posts\/32511","targetHints":{"allow":["GET"]}}],"collection":[{"href":"https:\/\/encuentroinformativo.com.mx\/index.php?rest_route=\/wp\/v2\/posts"}],"about":[{"href":"https:\/\/encuentroinformativo.com.mx\/index.php?rest_route=\/wp\/v2\/types\/post"}],"author":[{"embeddable":true,"href":"https:\/\/encuentroinformativo.com.mx\/index.php?rest_route=\/wp\/v2\/users\/1"}],"replies":[{"embeddable":true,"href":"https:\/\/encuentroinformativo.com.mx\/index.php?rest_route=%2Fwp%2Fv2%2Fcomments&post=32511"}],"version-history":[{"count":1,"href":"https:\/\/encuentroinformativo.com.mx\/index.php?rest_route=\/wp\/v2\/posts\/32511\/revisions"}],"predecessor-version":[{"id":32512,"href":"https:\/\/encuentroinformativo.com.mx\/index.php?rest_route=\/wp\/v2\/posts\/32511\/revisions\/32512"}],"wp:featuredmedia":[{"embeddable":true,"href":"https:\/\/encuentroinformativo.com.mx\/index.php?rest_route=\/wp\/v2\/media\/387"}],"wp:attachment":[{"href":"https:\/\/encuentroinformativo.com.mx\/index.php?rest_route=%2Fwp%2Fv2%2Fmedia&parent=32511"}],"wp:term":[{"taxonomy":"category","embeddable":true,"href":"https:\/\/encuentroinformativo.com.mx\/index.php?rest_route=%2Fwp%2Fv2%2Fcategories&post=32511"},{"taxonomy":"post_tag","embeddable":true,"href":"https:\/\/encuentroinformativo.com.mx\/index.php?rest_route=%2Fwp%2Fv2%2Ftags&post=32511"}],"curies":[{"name":"wp","href":"https:\/\/api.w.org\/{rel}","templated":true}]}}