{"id":32520,"date":"2022-10-11T11:29:27","date_gmt":"2022-10-11T16:29:27","guid":{"rendered":"https:\/\/encuentroinformativo.com.mx\/?p=32520"},"modified":"2022-10-11T11:29:31","modified_gmt":"2022-10-11T16:29:31","slug":"alumnos-llegan-en-falda-a-facultad-de-derecho","status":"publish","type":"post","link":"https:\/\/encuentroinformativo.com.mx\/?p=32520","title":{"rendered":"Alumnos llegan en falda a Facultad de Derecho"},"content":{"rendered":"\n<p><strong>Juan Arcos<\/strong><\/p>\n\n\n\n<p>Xalapa, Ver.- Estudiantes y docentes de la Facultad de Derecho de la Universidad Veracruzana (UV) acudieron a clases en falda para quitar estigmas y promover que la vestimenta no define el g\u00e9nero de las personas.<\/p>\n\n\n\n<p>Decenas de alumnos se sumaron a estas acciones, a pesar de que dijeron sentirse presionados por autoridades de la m\u00e1xima casa de estudios para no realizarlas.<\/p>\n\n\n\n<p>Tambi\u00e9n comentaron que dos de sus profesores asistieron a la Facultad de Derecho en falda, en apoyo al movimiento que buscan replicar en otras unidades acad\u00e9micas.<\/p>\n\n\n\n<p>De acuerdo con el estudiante Fernando Altamirano, la manifestaci\u00f3n se realiz\u00f3 de manera pac\u00edfica en apoyo a la comunicad diversa.<\/p>\n\n\n\n<p>El entrevistado confirm\u00f3 que recibieron cr\u00edticas por parte de las autoridades universitarias para frenar la protesta en dicha facultad.<\/p>\n\n\n\n<p>\u201cS\u00ed lleg\u00f3 a haber ciertas cr\u00edticas para que no se hiciera, pero finalmente hay que dar libertad. Lleg\u00f3 a haber controversia dentro de la acci\u00f3n porque dec\u00edan que la facultad no estaba capacitada para promover esto o no era la funci\u00f3n principal. C\u00f3mo tal no hubo agresi\u00f3n o ataque pero s\u00ed alegaban que la escuela no estaba predispuesta a estas acciones\u201d, a\u00f1adi\u00f3.<\/p>\n\n\n\n<figure class=\"wp-block-image size-large\"><img loading=\"lazy\" decoding=\"async\" width=\"1024\" height=\"576\" src=\"https:\/\/encuentroinformativo.com.mx\/wp-content\/uploads\/2022\/10\/A2211934-F72C-4415-BD64-C03B3402D8D6-1024x576.jpeg\" alt=\"\" class=\"wp-image-32522\" srcset=\"https:\/\/encuentroinformativo.com.mx\/wp-content\/uploads\/2022\/10\/A2211934-F72C-4415-BD64-C03B3402D8D6-1024x576.jpeg 1024w, https:\/\/encuentroinformativo.com.mx\/wp-content\/uploads\/2022\/10\/A2211934-F72C-4415-BD64-C03B3402D8D6-300x169.jpeg 300w, https:\/\/encuentroinformativo.com.mx\/wp-content\/uploads\/2022\/10\/A2211934-F72C-4415-BD64-C03B3402D8D6-768x432.jpeg 768w, https:\/\/encuentroinformativo.com.mx\/wp-content\/uploads\/2022\/10\/A2211934-F72C-4415-BD64-C03B3402D8D6-1536x864.jpeg 1536w, https:\/\/encuentroinformativo.com.mx\/wp-content\/uploads\/2022\/10\/A2211934-F72C-4415-BD64-C03B3402D8D6.jpeg 1760w\" sizes=\"auto, (max-width: 1024px) 100vw, 1024px\" \/><\/figure>\n","protected":false},"excerpt":{"rendered":"<p>Juan Arcos Xalapa, Ver.- Estudiantes y docentes de la Facultad de Derecho de la Universidad Veracruzana (UV) acudieron a clases en falda para quitar estigmas y promover que la vestimenta no define el g\u00e9nero de las personas. Decenas de alumnos se sumaron a estas acciones, a pesar de que dijeron sentirse presionados por autoridades de [&hellip;]<\/p>\n","protected":false},"author":1,"featured_media":32521,"comment_status":"open","ping_status":"open","sticky":false,"template":"","format":"standard","meta":{"_jetpack_memberships_contains_paid_content":false,"footnotes":""},"categories":[3],"tags":[],"class_list":["post-32520","post","type-post","status-publish","format-standard","has-post-thumbnail","hentry","category-xalapa"],"jetpack_featured_media_url":"https:\/\/encuentroinformativo.com.mx\/wp-content\/uploads\/2022\/10\/BE4B0B58-CCEC-44E8-B9AA-1F889D666C0A.jpeg","jetpack_sharing_enabled":true,"jetpack_likes_enabled":true,"amp_enabled":true,"_links":{"self":[{"href":"https:\/\/encuentroinformativo.com.mx\/index.php?rest_route=\/wp\/v2\/posts\/32520","targetHints":{"allow":["GET"]}}],"collection":[{"href":"https:\/\/encuentroinformativo.com.mx\/index.php?rest_route=\/wp\/v2\/posts"}],"about":[{"href":"https:\/\/encuentroinformativo.com.mx\/index.php?rest_route=\/wp\/v2\/types\/post"}],"author":[{"embeddable":true,"href":"https:\/\/encuentroinformativo.com.mx\/index.php?rest_route=\/wp\/v2\/users\/1"}],"replies":[{"embeddable":true,"href":"https:\/\/encuentroinformativo.com.mx\/index.php?rest_route=%2Fwp%2Fv2%2Fcomments&post=32520"}],"version-history":[{"count":1,"href":"https:\/\/encuentroinformativo.com.mx\/index.php?rest_route=\/wp\/v2\/posts\/32520\/revisions"}],"predecessor-version":[{"id":32523,"href":"https:\/\/encuentroinformativo.com.mx\/index.php?rest_route=\/wp\/v2\/posts\/32520\/revisions\/32523"}],"wp:featuredmedia":[{"embeddable":true,"href":"https:\/\/encuentroinformativo.com.mx\/index.php?rest_route=\/wp\/v2\/media\/32521"}],"wp:attachment":[{"href":"https:\/\/encuentroinformativo.com.mx\/index.php?rest_route=%2Fwp%2Fv2%2Fmedia&parent=32520"}],"wp:term":[{"taxonomy":"category","embeddable":true,"href":"https:\/\/encuentroinformativo.com.mx\/index.php?rest_route=%2Fwp%2Fv2%2Fcategories&post=32520"},{"taxonomy":"post_tag","embeddable":true,"href":"https:\/\/encuentroinformativo.com.mx\/index.php?rest_route=%2Fwp%2Fv2%2Ftags&post=32520"}],"curies":[{"name":"wp","href":"https:\/\/api.w.org\/{rel}","templated":true}]}}