{"id":32524,"date":"2022-10-11T12:03:01","date_gmt":"2022-10-11T17:03:01","guid":{"rendered":"https:\/\/encuentroinformativo.com.mx\/?p=32524"},"modified":"2022-10-11T12:03:04","modified_gmt":"2022-10-11T17:03:04","slug":"exhortan-a-personas-con-enfermedades-respiratorias-a-mantener-uso-de-cubrebocas","status":"publish","type":"post","link":"https:\/\/encuentroinformativo.com.mx\/?p=32524","title":{"rendered":"Exhortan a personas con enfermedades respiratorias a mantener uso de cubrebocas"},"content":{"rendered":"\n<p><strong>Alejandro \u00c1vila<\/strong><\/p>\n\n\n\n<p>Veracruz, Ver.- La regidora de Veracruz, Belem Palmeros Exsome, exhort\u00f3 a la ciudadan\u00eda con alguna enfermedad respiratoria, no dejar de usar el cubrebocas durante la temporada de oto\u00f1o e invierno.<\/p>\n\n\n\n<p>Es de mencionar que, este lunes la Secretar\u00eda de Salud Federal, finalmente autoriz\u00f3 dejar de utilizar el cubrebocas en lugares cerrados, siempre y cuando se cumpla con la distancia de 1.5 metros entre cada personas.<\/p>\n\n\n\n<p>La edil con la comisi\u00f3n de Salud en el Ayuntamiento de Veracruz, dijo que esta temporada deben de tomarse con mucha precauci\u00f3n, pues aumentan los casos de influenza e incluso de dengue.<\/p>\n\n\n\n<p>&#8220;Recordemos que los que tienen problemas pulmonares son los m\u00e1s vulnerables ante esta situaci\u00f3n que es la influenza. Entonces, yo s\u00ed le hago un llamado a la ciudadan\u00eda, que los que tengan problemas pulmonares sigan usando el cubrebocas, pasando ya esta temporada invernal ya quitarnoslo, pero s\u00ed es un tema sumamente importante tratar de cuidarnos nosotros, para que as\u00ed todos hagamos un trabajo en conjunto de prevenci\u00f3n&#8221;, recalc\u00f3.<\/p>\n\n\n\n<p>Sobre los m\u00f3dulos de vacunaci\u00f3n de influenza en el municipio de Veracruz, dijo que al momento, la Secretar\u00eda de Salud de Veracruz no les ha solicitado espacio alguno.<\/p>\n\n\n\n<p>Sin embargo, reconoci\u00f3 que existe total coordinaci\u00f3n con la dependencia estatal y con la Universidad Veracruzana (UV), y probablemente sea a trav\u00e9s de la m\u00e1xima casa de estudios la manera en que les soliciten espacios en la ciudad para colocar la vacuna de la influenza.<\/p>\n","protected":false},"excerpt":{"rendered":"<p>Alejandro \u00c1vila Veracruz, Ver.- La regidora de Veracruz, Belem Palmeros Exsome, exhort\u00f3 a la ciudadan\u00eda con alguna enfermedad respiratoria, no dejar de usar el cubrebocas durante la temporada de oto\u00f1o e invierno. Es de mencionar que, este lunes la Secretar\u00eda de Salud Federal, finalmente autoriz\u00f3 dejar de utilizar el cubrebocas en lugares cerrados, siempre y [&hellip;]<\/p>\n","protected":false},"author":1,"featured_media":32525,"comment_status":"open","ping_status":"open","sticky":false,"template":"","format":"standard","meta":{"_jetpack_memberships_contains_paid_content":false,"footnotes":""},"categories":[9],"tags":[],"class_list":["post-32524","post","type-post","status-publish","format-standard","has-post-thumbnail","hentry","category-salud"],"jetpack_featured_media_url":"https:\/\/encuentroinformativo.com.mx\/wp-content\/uploads\/2022\/10\/5AAE4E86-47F4-41A9-9EFD-0655617E10ED.jpeg","jetpack_sharing_enabled":true,"jetpack_likes_enabled":true,"amp_enabled":true,"_links":{"self":[{"href":"https:\/\/encuentroinformativo.com.mx\/index.php?rest_route=\/wp\/v2\/posts\/32524","targetHints":{"allow":["GET"]}}],"collection":[{"href":"https:\/\/encuentroinformativo.com.mx\/index.php?rest_route=\/wp\/v2\/posts"}],"about":[{"href":"https:\/\/encuentroinformativo.com.mx\/index.php?rest_route=\/wp\/v2\/types\/post"}],"author":[{"embeddable":true,"href":"https:\/\/encuentroinformativo.com.mx\/index.php?rest_route=\/wp\/v2\/users\/1"}],"replies":[{"embeddable":true,"href":"https:\/\/encuentroinformativo.com.mx\/index.php?rest_route=%2Fwp%2Fv2%2Fcomments&post=32524"}],"version-history":[{"count":1,"href":"https:\/\/encuentroinformativo.com.mx\/index.php?rest_route=\/wp\/v2\/posts\/32524\/revisions"}],"predecessor-version":[{"id":32526,"href":"https:\/\/encuentroinformativo.com.mx\/index.php?rest_route=\/wp\/v2\/posts\/32524\/revisions\/32526"}],"wp:featuredmedia":[{"embeddable":true,"href":"https:\/\/encuentroinformativo.com.mx\/index.php?rest_route=\/wp\/v2\/media\/32525"}],"wp:attachment":[{"href":"https:\/\/encuentroinformativo.com.mx\/index.php?rest_route=%2Fwp%2Fv2%2Fmedia&parent=32524"}],"wp:term":[{"taxonomy":"category","embeddable":true,"href":"https:\/\/encuentroinformativo.com.mx\/index.php?rest_route=%2Fwp%2Fv2%2Fcategories&post=32524"},{"taxonomy":"post_tag","embeddable":true,"href":"https:\/\/encuentroinformativo.com.mx\/index.php?rest_route=%2Fwp%2Fv2%2Ftags&post=32524"}],"curies":[{"name":"wp","href":"https:\/\/api.w.org\/{rel}","templated":true}]}}