{"id":3253,"date":"2020-06-11T12:30:13","date_gmt":"2020-06-11T17:30:13","guid":{"rendered":"https:\/\/encuentroinformativo.com\/?p=3253"},"modified":"2020-06-11T12:30:16","modified_gmt":"2020-06-11T17:30:16","slug":"morena-y-las-19-curules","status":"publish","type":"post","link":"https:\/\/encuentroinformativo.com.mx\/?p=3253","title":{"rendered":"Morena y las 19 curules"},"content":{"rendered":"\n<p><strong>Los Pol\u00edticos<\/strong><\/p>\n\n\n\n<p><strong>Salvador Mu\u00f1oz<\/strong><br><\/p>\n\n\n\n<p>La encuesta que hace unos d\u00edas dio a conocer Massive Caller donde habla de un contundente triunfo en Veracruz de Morena en las diputaciones federales, con 19 de 20 curules en San L\u00e1zaro, vaya que sorprende en este momento, y si la encuestadora atina de aqu\u00ed a un a\u00f1o, dejar\u00e1 de ser sorpresa porque entonces s\u00f3lo se ver\u00e1 como la hegemon\u00eda que mantiene el partido en el poder\u2026 sumando dos curules a su favor.<\/p>\n\n\n\n<p>En lo particular, se me hace \u201cmuy temprano\u201d para una encuesta pero si ya hasta tenemos \u201cpresidenciables\u201d, pues entremos al juego.<\/p>\n\n\n\n<p>Llama la atenci\u00f3n lo que sin duda, debe ser un \u201cjal\u00f3n de orejas\u201d la \u201cp\u00e9rdida\u201d del Distrito 4, Veracruz Urbano, en manos hoy de Ricardo Exsome Zapata, que si bien es conocido en el Puerto, no as\u00ed su trabajo en el Congreso de la Uni\u00f3n o ya de perdis, en labor de gestor\u00eda, que si lo hace, entonces podr\u00edamos suponer que es un diputado \u201cdemasiado discreto\u201d.<\/p>\n\n\n\n<p>Es curioso su caso, porque si me pregunta por los otros 16 diputados federales, m\u00e1s r\u00e1pido recuerdo a Dorheny Garc\u00eda Cayetano, que es \u201cpluri\u201d, pero que se desenvuelve m\u00e1s que cualquiera de los \u201cuni\u201d de Xalapa: \u00a1Vamos! La joven Dorheny hace poco entreg\u00f3 material para la fabricaci\u00f3n de caretas y utensilios propios para esta Emergencia Sanitaria y agregue a ello los dos sistemas de lavado de manos colocados cerca de la Plaza Lerdo y otro en el parque Ju\u00e1rez (mi duda: \u00bflos v\u00e1ndalos se lavaron las manos o los da\u00f1aron?) parecidos a los que entreg\u00f3 la panista Nora Lagunes J\u00e1uregui en su distrito&#8230; agregue a ello su trabajo en el Santuario de las Garzas, donde espera cambiar tanto la imagen, leyenda negra y escenario, a este espacio\u2026 \u00a1ojal\u00e1!<br>Por su parte, Rafael Hern\u00e1ndez Villalpando y Claudia Tello Espinoza, simplemente est\u00e1n pasando de largo&#8230; pareciera que sufren el S\u00edndrome de Cuic cuando fue legislador federal por la Capital Veracruzana: Nom\u00e1s no se les ve ni presencia ni trabajo. Conste, hablo de diputados de mi distrito\u2026 pero del resto\u2026<\/p>\n\n\n\n<p>Por ah\u00ed recuerdo a Jaime Humberto P\u00e9rez Bernabe (as\u00ed, sin acento), y lo ubico en estos momentos porque aspira dirigir las riendas de Morena en Veracruz\u2026<\/p>\n\n\n\n<p>Igual anda Paola Tenorio Adame, a quien ubico m\u00e1s por unas fotos que le publicaron con La Jefa, la prima de la Fiscal Ver\u00f3nica Hern\u00e1ndez Giad\u00e1ns\u2026 y de ah\u00ed p\u2019al real, no ubico a ning\u00fan diputado moreno por acci\u00f3n\u2026 que conste, no les pido que salten a Tribuna o presuman un n\u00famero incre\u00edble de iniciativas porque entiendo que en ese monstruo que es San L\u00e1zaro, y siendo mayor\u00eda, resaltar, aparecer, brillar, es sumamente dif\u00edcil&#8230;&nbsp;<\/p>\n\n\n\n<p>Bueno, pues si me llam\u00f3 la atenci\u00f3n esa especie de \u201cjal\u00f3n de orejas\u201d a Exsome, igual me sorprende que se visualice la derrota del Distrito 12, Veracruz Rural, que est\u00e1 en manos de Mariana Dunyaska\u2026 y me causa rareza porque si hay una diputada del PAN que est\u00e9 haciendo su papel, no s\u00f3lo como Legisladora o gestora, sino hasta de oposici\u00f3n, s\u00famele el trabajo de Juan Manuel de Unanue, Bingen Rementer\u00eda y Maryjos\u00e9 Gamboa en las mismas latitudes que los de la Psic\u00f3loga. Agregue igual el trabajo de Polo Deschamps\u2026 la verdad, quisiera conocer al candidato de Morena que va a ganar ese distrito.<\/p>\n\n\n\n<p>Caso contrario me ocurre con P\u00e1nuco\u2026 no es mala leche contra Rodrigo, pero su actuaci\u00f3n y acci\u00f3n arrastra a Ricardo Garc\u00eda Escalante, su hermano, al grado de que el distrito I ya se vea m\u00e1s como una negociaci\u00f3n que una elecci\u00f3n. Y no pretendo incluir en ello al distrito de Tantoyuca, coto de poder del dirigente del PAN donde la curul (\u00fanica que conservar\u00eda el PAN, seg\u00fan Massive Caller) la ocupa su hermano Jes\u00fas y una pluri, su hermana Rosario.<\/p>\n\n\n\n<p>Por supuesto, se habla que esta encuesta es por partido, es decir, sin alianza alguna\u2026 y por supuesto, sin candidato\u2026 agregue que en estos momentos lo \u00fanico que podemos suponer es la reelecci\u00f3n de alg\u00fan diputado o el posible salto de un legislador local en b\u00fasqueda de la federal\u2026 porque si bien, la elecci\u00f3n del 2021 est\u00e1 a la vuelta de la esquina, esto apenas empieza como para hablar de que Morena pudiera lograr 19 de 20 curules, lo que hoy, es sorprendente, pero de darse, simplemente ser\u00eda que el partido en el poder ya aprendi\u00f3 a mantener la hegemon\u00eda.<br><\/p>\n\n\n\n<p><a href=\"mailto:smcainito@gmail.com\" target=\"_blank\" rel=\"noreferrer noopener\">smcainito@gmail.com<\/a><\/p>\n","protected":false},"excerpt":{"rendered":"<p>Los Pol\u00edticos Salvador Mu\u00f1oz La encuesta que hace unos d\u00edas dio a conocer Massive Caller donde habla de un contundente triunfo en Veracruz de Morena en las diputaciones federales, con 19 de 20 curules en San L\u00e1zaro, vaya que sorprende en este momento, y si la encuestadora atina de aqu\u00ed a un a\u00f1o, dejar\u00e1 de [&hellip;]<\/p>\n","protected":false},"author":1,"featured_media":387,"comment_status":"open","ping_status":"open","sticky":false,"template":"","format":"standard","meta":{"_jetpack_memberships_contains_paid_content":false,"footnotes":""},"categories":[11],"tags":[],"class_list":["post-3253","post","type-post","status-publish","format-standard","has-post-thumbnail","hentry","category-opinion"],"jetpack_featured_media_url":"https:\/\/encuentroinformativo.com.mx\/wp-content\/uploads\/2020\/03\/7CF8A22B-2764-47BE-8F7F-38FE9E5D6A2F.jpeg","jetpack_sharing_enabled":true,"jetpack_likes_enabled":true,"amp_enabled":true,"_links":{"self":[{"href":"https:\/\/encuentroinformativo.com.mx\/index.php?rest_route=\/wp\/v2\/posts\/3253","targetHints":{"allow":["GET"]}}],"collection":[{"href":"https:\/\/encuentroinformativo.com.mx\/index.php?rest_route=\/wp\/v2\/posts"}],"about":[{"href":"https:\/\/encuentroinformativo.com.mx\/index.php?rest_route=\/wp\/v2\/types\/post"}],"author":[{"embeddable":true,"href":"https:\/\/encuentroinformativo.com.mx\/index.php?rest_route=\/wp\/v2\/users\/1"}],"replies":[{"embeddable":true,"href":"https:\/\/encuentroinformativo.com.mx\/index.php?rest_route=%2Fwp%2Fv2%2Fcomments&post=3253"}],"version-history":[{"count":1,"href":"https:\/\/encuentroinformativo.com.mx\/index.php?rest_route=\/wp\/v2\/posts\/3253\/revisions"}],"predecessor-version":[{"id":3254,"href":"https:\/\/encuentroinformativo.com.mx\/index.php?rest_route=\/wp\/v2\/posts\/3253\/revisions\/3254"}],"wp:featuredmedia":[{"embeddable":true,"href":"https:\/\/encuentroinformativo.com.mx\/index.php?rest_route=\/wp\/v2\/media\/387"}],"wp:attachment":[{"href":"https:\/\/encuentroinformativo.com.mx\/index.php?rest_route=%2Fwp%2Fv2%2Fmedia&parent=3253"}],"wp:term":[{"taxonomy":"category","embeddable":true,"href":"https:\/\/encuentroinformativo.com.mx\/index.php?rest_route=%2Fwp%2Fv2%2Fcategories&post=3253"},{"taxonomy":"post_tag","embeddable":true,"href":"https:\/\/encuentroinformativo.com.mx\/index.php?rest_route=%2Fwp%2Fv2%2Ftags&post=3253"}],"curies":[{"name":"wp","href":"https:\/\/api.w.org\/{rel}","templated":true}]}}