{"id":32536,"date":"2022-10-11T15:00:30","date_gmt":"2022-10-11T20:00:30","guid":{"rendered":"https:\/\/encuentroinformativo.com.mx\/?p=32536"},"modified":"2022-10-11T15:00:34","modified_gmt":"2022-10-11T20:00:34","slug":"toman-humanidades-en-xalapa","status":"publish","type":"post","link":"https:\/\/encuentroinformativo.com.mx\/?p=32536","title":{"rendered":"Toman Humanidades en Xalapa"},"content":{"rendered":"\n<p><strong>Juan Arcos <\/strong><\/p>\n\n\n\n<p>Xalapa, Ver.- Estudiantes protestaron y tomaron la Unidad Acad\u00e9mica de Humanidades de la Universidad Veracruzana (UV) debido a que un alumno sac\u00f3 una navaja para destruir el \u201ctendedero del acoso\u201d y no recibi\u00f3 ninguna sanci\u00f3n.<\/p>\n\n\n\n<p>En redes sociales circula un video donde se observa al estudiante que identifican como Daniel Rocha, quien ha aparecido varias veces en el tendedero de Humanidades.\u00a0<br>Sin embargo, cort\u00f3 y destroz\u00f3 las pancartas y posteriormente agredi\u00f3 a otro estudiante, amenaz\u00e1ndolo con el arma punzocortante.<\/p>\n\n\n\n<p>La comunidad estudiantil exigi\u00f3 que haya un castigo ejemplar contra dicho sujeto, ya que lo \u00fanico que se hizo fue llevarlo a la Direcci\u00f3n.<\/p>\n\n\n\n<p>Los inconformes colocaron pancartas donde se le\u00eda el mensaje: \u201cparo de labores por la seguridad de los estudiantes\u201d.<\/p>\n\n\n\n<p>Adem\u00e1s, cerraron los accesos a la unidad acad\u00e9mica, ubicada sobre la calle Ezequiel Alatriste, en la colonia Francisco Ferrer Guardia, de esta ciudad de Xalapa.<\/p>\n\n\n\n<p>Amagaron con mantener el plant\u00f3n hasta obtener una respuesta favorable por parte de las autoridades universitarias, a quienes se\u00f1alan de \u201cencubrir a agresores y acosadores\u201d.<\/p>\n","protected":false},"excerpt":{"rendered":"<p>Juan Arcos Xalapa, Ver.- Estudiantes protestaron y tomaron la Unidad Acad\u00e9mica de Humanidades de la Universidad Veracruzana (UV) debido a que un alumno sac\u00f3 una navaja para destruir el \u201ctendedero del acoso\u201d y no recibi\u00f3 ninguna sanci\u00f3n. En redes sociales circula un video donde se observa al estudiante que identifican como Daniel Rocha, quien ha [&hellip;]<\/p>\n","protected":false},"author":1,"featured_media":32537,"comment_status":"open","ping_status":"open","sticky":false,"template":"","format":"standard","meta":{"_jetpack_memberships_contains_paid_content":false,"footnotes":""},"categories":[3],"tags":[],"class_list":["post-32536","post","type-post","status-publish","format-standard","has-post-thumbnail","hentry","category-xalapa"],"jetpack_featured_media_url":"https:\/\/encuentroinformativo.com.mx\/wp-content\/uploads\/2022\/10\/75ECE89D-09C0-4C82-AFA0-C885553C5721.jpeg","jetpack_sharing_enabled":true,"jetpack_likes_enabled":true,"amp_enabled":true,"_links":{"self":[{"href":"https:\/\/encuentroinformativo.com.mx\/index.php?rest_route=\/wp\/v2\/posts\/32536","targetHints":{"allow":["GET"]}}],"collection":[{"href":"https:\/\/encuentroinformativo.com.mx\/index.php?rest_route=\/wp\/v2\/posts"}],"about":[{"href":"https:\/\/encuentroinformativo.com.mx\/index.php?rest_route=\/wp\/v2\/types\/post"}],"author":[{"embeddable":true,"href":"https:\/\/encuentroinformativo.com.mx\/index.php?rest_route=\/wp\/v2\/users\/1"}],"replies":[{"embeddable":true,"href":"https:\/\/encuentroinformativo.com.mx\/index.php?rest_route=%2Fwp%2Fv2%2Fcomments&post=32536"}],"version-history":[{"count":1,"href":"https:\/\/encuentroinformativo.com.mx\/index.php?rest_route=\/wp\/v2\/posts\/32536\/revisions"}],"predecessor-version":[{"id":32538,"href":"https:\/\/encuentroinformativo.com.mx\/index.php?rest_route=\/wp\/v2\/posts\/32536\/revisions\/32538"}],"wp:featuredmedia":[{"embeddable":true,"href":"https:\/\/encuentroinformativo.com.mx\/index.php?rest_route=\/wp\/v2\/media\/32537"}],"wp:attachment":[{"href":"https:\/\/encuentroinformativo.com.mx\/index.php?rest_route=%2Fwp%2Fv2%2Fmedia&parent=32536"}],"wp:term":[{"taxonomy":"category","embeddable":true,"href":"https:\/\/encuentroinformativo.com.mx\/index.php?rest_route=%2Fwp%2Fv2%2Fcategories&post=32536"},{"taxonomy":"post_tag","embeddable":true,"href":"https:\/\/encuentroinformativo.com.mx\/index.php?rest_route=%2Fwp%2Fv2%2Ftags&post=32536"}],"curies":[{"name":"wp","href":"https:\/\/api.w.org\/{rel}","templated":true}]}}