{"id":32542,"date":"2022-10-11T22:15:14","date_gmt":"2022-10-12T03:15:14","guid":{"rendered":"https:\/\/encuentroinformativo.com.mx\/?p=32542"},"modified":"2022-10-11T22:15:17","modified_gmt":"2022-10-12T03:15:17","slug":"proteccion-civil-de-boca-del-rio-replica-alerta-gris-por-tormenta-tropical-karl","status":"publish","type":"post","link":"https:\/\/encuentroinformativo.com.mx\/?p=32542","title":{"rendered":"Protecci\u00f3n Civil de Boca del R\u00edo replica alerta gris por Tormenta Tropical \u201cKarl\u201d"},"content":{"rendered":"\n<p>Boca del R\u00edo, Ver.- La direcci\u00f3n municipal de Protecci\u00f3n Civil de Boca del R\u00edo determin\u00f3 replicar la Alerta Gris emitida por la Secretar\u00eda Estatal de la misma \u00e1rea para el resto de la semana.<\/p>\n\n\n\n<p>Es por ello que el Alcalde de Boca del R\u00edo, Juan Manuel Un\u00e1nue Abascal ha instruido a todas las \u00e1reas operativas municipales para que se encuentren listas ante el temporal lluvioso que se espera en los pr\u00f3ximos d\u00edas.<\/p>\n\n\n\n<p>El \u00faltimo reporte del estado del tiempo, emitido por la Secretar\u00eda Estatal de Protecci\u00f3n Civil, se\u00f1ala que el Disturbio Tropical 93L evolucion\u00f3 a Tormenta Tropical denominada \u201cKarl\u201d, localiz\u00e1ndose a 195 km al este noreste de Veracruz y a 350 km al este sureste de Tuxpan, M\u00e9xico, presenta vientos m\u00e1ximos sostenidos de 65 km\/h y se desplaza al noroeste a una velocidad de 9 km\/h.<\/p>\n\n\n\n<p>Expertos estiman que el meteoro se dirija en las pr\u00f3ximas 48 a 72 horas hacia el centro de Veracruz, donde podr\u00eda impactar la madrugada del viernes como tormenta entre la zona norte y el centro del Estado de Veracruz. Ser\u00eda hasta este mi\u00e9rcoles cuando se defina de manera espec\u00edfica su trayectoria y punto de impacto.<\/p>\n\n\n\n<p>Ante esta situaci\u00f3n, se espera que entre este martes y el jueves se presente lluvia y evento del norte, es por ello que se han cerrado de manera oficial las playas del municipio manteniendo la bandera roja en las torres guardavidas.<\/p>\n\n\n\n<p>Capitan\u00eda del Puerto tambi\u00e9n ha cerrado el flujo a la navegaci\u00f3n menor y tur\u00edstica.<\/p>\n\n\n\n<p>Se aconseja a la poblaci\u00f3n estar pendiente de las actualizaciones del pron\u00f3stico del tiempo a trav\u00e9s de fuentes oficiales, adem\u00e1s de seguir las siguientes recomendaciones:<\/p>\n\n\n\n<p>**Asegurar techos y ventanas<\/p>\n\n\n\n<p>**Amarrar l\u00e1minas u objetos que puedan salir volando<\/p>\n\n\n\n<p>**Evitar poner en los techos piedras o maderas que podr\u00edan salir proyectados por el viento<\/p>\n\n\n\n<p>**En \u00e1rea de obras tapar arena y grava<\/p>\n\n\n\n<p>**Evitar caminar cerca de anuncios o de \u00e1rboles<\/p>\n\n\n\n<p>**N\u00famero telef\u00f3nico de emergencias son: 911 \/ PC Boca: 986 23 23<\/p>\n\n\n\n<figure class=\"wp-block-image size-large\"><img loading=\"lazy\" decoding=\"async\" width=\"1024\" height=\"1024\" src=\"https:\/\/encuentroinformativo.com.mx\/wp-content\/uploads\/2022\/10\/69791674-E7FC-4B2A-98EC-FDC1824042E3-1024x1024.jpeg\" alt=\"\" class=\"wp-image-32543\" srcset=\"https:\/\/encuentroinformativo.com.mx\/wp-content\/uploads\/2022\/10\/69791674-E7FC-4B2A-98EC-FDC1824042E3.jpeg 1024w, https:\/\/encuentroinformativo.com.mx\/wp-content\/uploads\/2022\/10\/69791674-E7FC-4B2A-98EC-FDC1824042E3-300x300.jpeg 300w, https:\/\/encuentroinformativo.com.mx\/wp-content\/uploads\/2022\/10\/69791674-E7FC-4B2A-98EC-FDC1824042E3-150x150.jpeg 150w, https:\/\/encuentroinformativo.com.mx\/wp-content\/uploads\/2022\/10\/69791674-E7FC-4B2A-98EC-FDC1824042E3-768x768.jpeg 768w\" sizes=\"auto, (max-width: 1024px) 100vw, 1024px\" \/><\/figure>\n","protected":false},"excerpt":{"rendered":"<p>Boca del R\u00edo, Ver.- La direcci\u00f3n municipal de Protecci\u00f3n Civil de Boca del R\u00edo determin\u00f3 replicar la Alerta Gris emitida por la Secretar\u00eda Estatal de la misma \u00e1rea para el resto de la semana. Es por ello que el Alcalde de Boca del R\u00edo, Juan Manuel Un\u00e1nue Abascal ha instruido a todas las \u00e1reas operativas [&hellip;]<\/p>\n","protected":false},"author":1,"featured_media":32543,"comment_status":"open","ping_status":"open","sticky":false,"template":"","format":"standard","meta":{"_jetpack_memberships_contains_paid_content":false,"footnotes":""},"categories":[2],"tags":[],"class_list":["post-32542","post","type-post","status-publish","format-standard","has-post-thumbnail","hentry","category-estado"],"jetpack_featured_media_url":"https:\/\/encuentroinformativo.com.mx\/wp-content\/uploads\/2022\/10\/69791674-E7FC-4B2A-98EC-FDC1824042E3.jpeg","jetpack_sharing_enabled":true,"jetpack_likes_enabled":true,"amp_enabled":true,"_links":{"self":[{"href":"https:\/\/encuentroinformativo.com.mx\/index.php?rest_route=\/wp\/v2\/posts\/32542","targetHints":{"allow":["GET"]}}],"collection":[{"href":"https:\/\/encuentroinformativo.com.mx\/index.php?rest_route=\/wp\/v2\/posts"}],"about":[{"href":"https:\/\/encuentroinformativo.com.mx\/index.php?rest_route=\/wp\/v2\/types\/post"}],"author":[{"embeddable":true,"href":"https:\/\/encuentroinformativo.com.mx\/index.php?rest_route=\/wp\/v2\/users\/1"}],"replies":[{"embeddable":true,"href":"https:\/\/encuentroinformativo.com.mx\/index.php?rest_route=%2Fwp%2Fv2%2Fcomments&post=32542"}],"version-history":[{"count":1,"href":"https:\/\/encuentroinformativo.com.mx\/index.php?rest_route=\/wp\/v2\/posts\/32542\/revisions"}],"predecessor-version":[{"id":32544,"href":"https:\/\/encuentroinformativo.com.mx\/index.php?rest_route=\/wp\/v2\/posts\/32542\/revisions\/32544"}],"wp:featuredmedia":[{"embeddable":true,"href":"https:\/\/encuentroinformativo.com.mx\/index.php?rest_route=\/wp\/v2\/media\/32543"}],"wp:attachment":[{"href":"https:\/\/encuentroinformativo.com.mx\/index.php?rest_route=%2Fwp%2Fv2%2Fmedia&parent=32542"}],"wp:term":[{"taxonomy":"category","embeddable":true,"href":"https:\/\/encuentroinformativo.com.mx\/index.php?rest_route=%2Fwp%2Fv2%2Fcategories&post=32542"},{"taxonomy":"post_tag","embeddable":true,"href":"https:\/\/encuentroinformativo.com.mx\/index.php?rest_route=%2Fwp%2Fv2%2Ftags&post=32542"}],"curies":[{"name":"wp","href":"https:\/\/api.w.org\/{rel}","templated":true}]}}