{"id":32545,"date":"2022-10-12T09:28:10","date_gmt":"2022-10-12T14:28:10","guid":{"rendered":"https:\/\/encuentroinformativo.com.mx\/?p=32545"},"modified":"2022-10-12T09:28:14","modified_gmt":"2022-10-12T14:28:14","slug":"libros-y-lios-de-faldas","status":"publish","type":"post","link":"https:\/\/encuentroinformativo.com.mx\/?p=32545","title":{"rendered":"LIBROS Y L\u00cdOS DE FALDAS"},"content":{"rendered":"\n<p><strong>Los Pol\u00edticos<\/strong><\/p>\n\n\n\n<p><strong>Salvador Mu\u00f1oz<\/strong><\/p>\n\n\n\n<p>Es una pinche pena no poder vender la cantidad de libros que este martes me envi\u00f3 la otra gran cantidad de amigos generosos en ilustrarme con \u201cEl Rey del Cash\u201d. F\u00e1cilmente me lleg\u00f3 una veintena del ejemplar que alguien tuvo a bien de fotografiar hoja por hoja, las 288 p\u00e1ginas que contiene.<\/p>\n\n\n\n<p>Uno de ellos me dijo: \u201cEl libro m\u00e1s vendido del momento\u201d&#8230; me atrev\u00ed a corregirlo: \u201cNo, es el libro m\u00e1s compartido por whatsapp en este momento\u201d.<\/p>\n\n\n\n<p>No he tenido oportunidad de leerlo al menos hasta la tarde en que escribo estas l\u00edneas, pero s\u00ed he seguido algunas de articulistas y llego a la conclusi\u00f3n que Elena Ch\u00e1vez debi\u00f3 titularlo \u201cEl Rey de los Moches\u201d&#8230; como que es m\u00e1s propio para la personalidad de AMLO.<\/p>\n\n\n\n<p>Por cierto, ya pasado el mediod\u00eda, empec\u00e9 a recibir ejemplares sin fotocopia, sino el PDF del libro\u2026<\/p>\n\n\n\n<p><strong>LAS V\u00c1LVULAS DE AHUED<\/strong><\/p>\n\n\n\n<p>En el conflicto que vive Xalapa con Las Vigas de Ram\u00edrez, cuyos vecinos demandan obras sociales para liberar las v\u00e1lvulas, el alcalde Ricardo Ahued record\u00f3 que el Ayuntamiento paga casi un mill\u00f3n de pesos mensuales por la concesi\u00f3n para el uso del agua de esta zona.<\/p>\n\n\n\n<p>Hay que recordar tambi\u00e9n que el Ayuntamiento o CMAS est\u00e1n impedidos para desarrollar obras en otro municipio, pues se ver\u00eda como desv\u00edo de recursos, aunque s\u00ed es posible tomar acuerdos.<\/p>\n\n\n\n<p>Un dato adicional pero que dan los vecinos de Acajete: Las v\u00e1lvulas que cerraron no est\u00e1n en el municipio de Las Vigas, sino en Acajete aunque los conductos pasen por El Llanillo, que es comunidad de Las Vigas. Para ser m\u00e1s precisos, dicen los vecinos, las dichosas v\u00e1lvulas est\u00e1n localizadas frente al rancho de don Justo Fern\u00e1ndez, \u201cValle Alegre\u201d.<\/p>\n\n\n\n<p><strong>UV DA DE QU\u00c9 HABLAR<\/strong><\/p>\n\n\n\n<p>La Universidad Veracruzana ayer dio de qu\u00e9 hablar por l\u00edos de faldas\u2026 por un lado, la Facultad de Derecho dividi\u00f3 las opiniones de quienes vieron en el acto del maestro Arturo Hern\u00e1ndez Abascal de ir en falda a dar clases, empat\u00eda con las mujeres; y hubo quienes vieron tambi\u00e9n, un acto de exhibicionismo\u2026 Algunos estudiantes que acompa\u00f1aron al maestro Chucky (como se le conoce al catedr\u00e1tico entre los cuates), parec\u00edan m\u00e1s sacados del Encierro de Burros de Alvarado que una manifestaci\u00f3n pro Mujeres.<\/p>\n\n\n\n<p>La leyenda que acompa\u00f1\u00f3 este movimiento de dicha facultad, era \u201cLa Ropa no Tiene G\u00e9nero\u201d&#8230; pero eso, ya hace a\u00f1os\u2026 al menos que en la Facultad de Derecho impidan a las mujeres ir en pantalones\u2026<\/p>\n\n\n\n<p>El otro caso fue el del estudiante que con navaja en mano, el pasado lunes, cort\u00f3 un tendedero del acoso en el \u00e1rea de Humanidades y amedrent\u00f3 con la misma arma blanca a otro alumno. As\u00ed, como en la primaria, cuando alguien hac\u00eda una travesura, las autoridades educativas de Humanidades llevaron a la direcci\u00f3n al infractor cuando el agredido ped\u00eda la intervenci\u00f3n de la polic\u00eda\u2026 los chavos ayer martes tomaron las instalaciones, pero entre ellos hab\u00eda temor de que se apareciera Daniel R., conocido entre ellos como El Colombiano, quien deambulaba por la zona, encapuchado, y s\u00ed, con navaja en mano\u2026<\/p>\n\n\n\n<p><strong>EL KILT DEL POL\u00cdTICO<\/strong><\/p>\n\n\n\n<p>Ya para finalizar, esto no es un l\u00edo de faldas\u2026 al contrario. Ayer no s\u00f3lo me pasaron el libro por cantidad de \u201cEl Rey del Cash\u201d sino tambi\u00e9n la foto de un hombre con falda y no era el maestro de Derecho, sino un pol\u00edtico que orgulloso, la portaba\u2026 bueno, para los simples mortales, era una falda; para \u00e9l, un Kilt, s\u00ed, de \u00e9sos que us\u00f3 Mel Gibson en \u201cCoraz\u00f3n Valiente\u201d&#8230; si el editor me publica la foto, a ver si adivina qui\u00e9n es; estuvo en escuela militarizada y como pista adicional, le puedo decir que es una de las j\u00f3venes promesas pol\u00edticas hechas realidad en nuestra entidad\u2026<\/p>\n","protected":false},"excerpt":{"rendered":"<p>Los Pol\u00edticos Salvador Mu\u00f1oz Es una pinche pena no poder vender la cantidad de libros que este martes me envi\u00f3 la otra gran cantidad de amigos generosos en ilustrarme con \u201cEl Rey del Cash\u201d. F\u00e1cilmente me lleg\u00f3 una veintena del ejemplar que alguien tuvo a bien de fotografiar hoja por hoja, las 288 p\u00e1ginas que [&hellip;]<\/p>\n","protected":false},"author":1,"featured_media":387,"comment_status":"open","ping_status":"open","sticky":false,"template":"","format":"standard","meta":{"_jetpack_memberships_contains_paid_content":false,"footnotes":""},"categories":[11],"tags":[],"class_list":["post-32545","post","type-post","status-publish","format-standard","has-post-thumbnail","hentry","category-opinion"],"jetpack_featured_media_url":"https:\/\/encuentroinformativo.com.mx\/wp-content\/uploads\/2020\/03\/7CF8A22B-2764-47BE-8F7F-38FE9E5D6A2F.jpeg","jetpack_sharing_enabled":true,"jetpack_likes_enabled":true,"amp_enabled":true,"_links":{"self":[{"href":"https:\/\/encuentroinformativo.com.mx\/index.php?rest_route=\/wp\/v2\/posts\/32545","targetHints":{"allow":["GET"]}}],"collection":[{"href":"https:\/\/encuentroinformativo.com.mx\/index.php?rest_route=\/wp\/v2\/posts"}],"about":[{"href":"https:\/\/encuentroinformativo.com.mx\/index.php?rest_route=\/wp\/v2\/types\/post"}],"author":[{"embeddable":true,"href":"https:\/\/encuentroinformativo.com.mx\/index.php?rest_route=\/wp\/v2\/users\/1"}],"replies":[{"embeddable":true,"href":"https:\/\/encuentroinformativo.com.mx\/index.php?rest_route=%2Fwp%2Fv2%2Fcomments&post=32545"}],"version-history":[{"count":1,"href":"https:\/\/encuentroinformativo.com.mx\/index.php?rest_route=\/wp\/v2\/posts\/32545\/revisions"}],"predecessor-version":[{"id":32546,"href":"https:\/\/encuentroinformativo.com.mx\/index.php?rest_route=\/wp\/v2\/posts\/32545\/revisions\/32546"}],"wp:featuredmedia":[{"embeddable":true,"href":"https:\/\/encuentroinformativo.com.mx\/index.php?rest_route=\/wp\/v2\/media\/387"}],"wp:attachment":[{"href":"https:\/\/encuentroinformativo.com.mx\/index.php?rest_route=%2Fwp%2Fv2%2Fmedia&parent=32545"}],"wp:term":[{"taxonomy":"category","embeddable":true,"href":"https:\/\/encuentroinformativo.com.mx\/index.php?rest_route=%2Fwp%2Fv2%2Fcategories&post=32545"},{"taxonomy":"post_tag","embeddable":true,"href":"https:\/\/encuentroinformativo.com.mx\/index.php?rest_route=%2Fwp%2Fv2%2Ftags&post=32545"}],"curies":[{"name":"wp","href":"https:\/\/api.w.org\/{rel}","templated":true}]}}