{"id":32547,"date":"2022-10-12T10:08:11","date_gmt":"2022-10-12T15:08:11","guid":{"rendered":"https:\/\/encuentroinformativo.com.mx\/?p=32547"},"modified":"2022-10-12T10:08:15","modified_gmt":"2022-10-12T15:08:15","slug":"realizan-paro-estudiantil-en-facultades-uv-por-conflicto-de-humanidades","status":"publish","type":"post","link":"https:\/\/encuentroinformativo.com.mx\/?p=32547","title":{"rendered":"Realizan paro estudiantil en facultades UV, por conflicto de Humanidades"},"content":{"rendered":"\n<p><strong>Juan Arcos <\/strong><\/p>\n\n\n\n<p>Xalapa, Ver.- Estudiantes de diversas facultades de la Universidad Veracruzana (UV) se sumaron al paro de labores que inici\u00f3 la Unidad Acad\u00e9mica de Humanidades desde el martes contra los presuntos agresores y acosadores.<\/p>\n\n\n\n<p>A la protesta se sumaron alumnos de otras facultades, como Enfermer\u00eda, Psicolog\u00eda, Derecho e Ingenier\u00eda Mec\u00e1nica El\u00e9ctrica, por mencionar algunas.<\/p>\n\n\n\n<p>El pasado lunes 10 de octubre fue colocado el \u201ctendedero del acoso\u201d en Humanidades, el cual fue destrozado con una navaja por uno de los sujetos se\u00f1alados de acosar sexualmente a sus compa\u00f1eras.<\/p>\n\n\n\n<p>Las estudiantes se\u00f1alan que su compa\u00f1ero Daniel Rocha destruy\u00f3 las pancartas y posteriormente agredi\u00f3 a otro alumno, amenaz\u00e1ndolo con el arma punzocortante; sin embargo, los docentes solo lo llevaron a la Direcci\u00f3n y no recibi\u00f3 una sanci\u00f3n.\u00a0<br>Por tal motivo, ayer martes tomaron las instalaciones de dicha unidad acad\u00e9mica y las liberaron hasta la noche, en espera de que la Rector\u00eda cumpliera los acuerdos.<\/p>\n\n\n\n<p>Sin embargo, la ma\u00f1ana de este mi\u00e9rcoles los alumnos volvieron al paro y mantendr\u00e1n la protesta hasta el jueves.<\/p>\n\n\n\n<p>Aunque las instalaciones de Humanidades no se encuentran tomadas, los estudiantes no acudieron a clases.<\/p>\n\n\n\n<p>Algunos alumnos indicaron de manera an\u00f3nima que el paro seguir\u00e1 en la universidad hasta que las autoridades acad\u00e9micas atiendan el problema.<\/p>\n\n\n\n<p>\u201cEl paro sigue, no es cierto que se hay levantado. Queremos que haya justicia. Queremos protecci\u00f3n, porque el sujeto entr\u00f3 con navaja y estamos en peligro\u201d, expres\u00f3 una joven de la Facultad de Antropolog\u00eda Social.<\/p>\n\n\n\n<p>Durante los d\u00edas del paro habr\u00eda actividades generales, pero los alumnos no entrar\u00e1n a clases. Los salones estar\u00e1n cerrados, pero los profesores deber\u00e1n presentarse.<\/p>\n\n\n\n<p>La clase de las siete de la ma\u00f1ana s\u00ed se imparti\u00f3, pero se cerraron las aulas a partir de las ocho de la ma\u00f1ana.<\/p>\n\n\n\n<p>El paro estudiantil podr\u00eda prolongarse en caso de que las autoridades universitarias se nieguen a atender sus demandas.<\/p>\n\n\n\n<p>\u201cEl paro activo para el 12 de octubre ser\u00e1 de 8:00 a 20:00 horas y el jueves 13 de octubre ser\u00e1 de 8:00 a 9:30 horas, tiempo en el que la comunidad estudiantil realizar\u00e1 actividades de car\u00e1cter informativo as\u00ed como art\u00edsticas, culturales, deportivas, tambi\u00e9n tendr\u00e1n un trueque y mercadito exclusivas para la comunidad universitaria.<\/p>\n\n\n\n<p>Con ello, las instalaciones se mantendr\u00e1n abiertas y las actividades administrativas no se ver\u00e1n afectadas y para el acceso se deber\u00e1 presentar identificaci\u00f3n que Io acredite como integrante de la comunidad universitaria\u201d, indica la UV en un comunicado.<\/p>\n\n\n\n<figure class=\"wp-block-image size-large\"><img loading=\"lazy\" decoding=\"async\" width=\"1024\" height=\"768\" src=\"https:\/\/encuentroinformativo.com.mx\/wp-content\/uploads\/2022\/10\/94701461-2D8B-4ADE-812F-06DEEF7EAB2C-1024x768.jpeg\" alt=\"\" class=\"wp-image-32549\" srcset=\"https:\/\/encuentroinformativo.com.mx\/wp-content\/uploads\/2022\/10\/94701461-2D8B-4ADE-812F-06DEEF7EAB2C-1024x768.jpeg 1024w, https:\/\/encuentroinformativo.com.mx\/wp-content\/uploads\/2022\/10\/94701461-2D8B-4ADE-812F-06DEEF7EAB2C-300x225.jpeg 300w, https:\/\/encuentroinformativo.com.mx\/wp-content\/uploads\/2022\/10\/94701461-2D8B-4ADE-812F-06DEEF7EAB2C-768x576.jpeg 768w, https:\/\/encuentroinformativo.com.mx\/wp-content\/uploads\/2022\/10\/94701461-2D8B-4ADE-812F-06DEEF7EAB2C-1536x1152.jpeg 1536w, https:\/\/encuentroinformativo.com.mx\/wp-content\/uploads\/2022\/10\/94701461-2D8B-4ADE-812F-06DEEF7EAB2C.jpeg 2016w\" sizes=\"auto, (max-width: 1024px) 100vw, 1024px\" \/><\/figure>\n","protected":false},"excerpt":{"rendered":"<p>Juan Arcos Xalapa, Ver.- Estudiantes de diversas facultades de la Universidad Veracruzana (UV) se sumaron al paro de labores que inici\u00f3 la Unidad Acad\u00e9mica de Humanidades desde el martes contra los presuntos agresores y acosadores. A la protesta se sumaron alumnos de otras facultades, como Enfermer\u00eda, Psicolog\u00eda, Derecho e Ingenier\u00eda Mec\u00e1nica El\u00e9ctrica, por mencionar algunas. [&hellip;]<\/p>\n","protected":false},"author":1,"featured_media":32548,"comment_status":"open","ping_status":"open","sticky":false,"template":"","format":"standard","meta":{"_jetpack_memberships_contains_paid_content":false,"footnotes":""},"categories":[3],"tags":[],"class_list":["post-32547","post","type-post","status-publish","format-standard","has-post-thumbnail","hentry","category-xalapa"],"jetpack_featured_media_url":"https:\/\/encuentroinformativo.com.mx\/wp-content\/uploads\/2022\/10\/0F9600A2-0676-4358-8E74-B344457C463A.jpeg","jetpack_sharing_enabled":true,"jetpack_likes_enabled":true,"amp_enabled":true,"_links":{"self":[{"href":"https:\/\/encuentroinformativo.com.mx\/index.php?rest_route=\/wp\/v2\/posts\/32547","targetHints":{"allow":["GET"]}}],"collection":[{"href":"https:\/\/encuentroinformativo.com.mx\/index.php?rest_route=\/wp\/v2\/posts"}],"about":[{"href":"https:\/\/encuentroinformativo.com.mx\/index.php?rest_route=\/wp\/v2\/types\/post"}],"author":[{"embeddable":true,"href":"https:\/\/encuentroinformativo.com.mx\/index.php?rest_route=\/wp\/v2\/users\/1"}],"replies":[{"embeddable":true,"href":"https:\/\/encuentroinformativo.com.mx\/index.php?rest_route=%2Fwp%2Fv2%2Fcomments&post=32547"}],"version-history":[{"count":1,"href":"https:\/\/encuentroinformativo.com.mx\/index.php?rest_route=\/wp\/v2\/posts\/32547\/revisions"}],"predecessor-version":[{"id":32550,"href":"https:\/\/encuentroinformativo.com.mx\/index.php?rest_route=\/wp\/v2\/posts\/32547\/revisions\/32550"}],"wp:featuredmedia":[{"embeddable":true,"href":"https:\/\/encuentroinformativo.com.mx\/index.php?rest_route=\/wp\/v2\/media\/32548"}],"wp:attachment":[{"href":"https:\/\/encuentroinformativo.com.mx\/index.php?rest_route=%2Fwp%2Fv2%2Fmedia&parent=32547"}],"wp:term":[{"taxonomy":"category","embeddable":true,"href":"https:\/\/encuentroinformativo.com.mx\/index.php?rest_route=%2Fwp%2Fv2%2Fcategories&post=32547"},{"taxonomy":"post_tag","embeddable":true,"href":"https:\/\/encuentroinformativo.com.mx\/index.php?rest_route=%2Fwp%2Fv2%2Ftags&post=32547"}],"curies":[{"name":"wp","href":"https:\/\/api.w.org\/{rel}","templated":true}]}}