{"id":3255,"date":"2020-06-11T13:08:53","date_gmt":"2020-06-11T18:08:53","guid":{"rendered":"https:\/\/encuentroinformativo.com\/?p=3255"},"modified":"2020-06-11T13:08:55","modified_gmt":"2020-06-11T18:08:55","slug":"cumple-ayuntamiento-con-protocolos-de-inhumacion-alcalde","status":"publish","type":"post","link":"https:\/\/encuentroinformativo.com.mx\/?p=3255","title":{"rendered":"Cumple Ayuntamiento con protocolos de inhumaci\u00f3n: Alcalde"},"content":{"rendered":"\n<p><strong>Juan Arcos <\/strong><\/p>\n\n\n\n<p>Coatepec, Ver.- El presidente municipal de Coatepec, Luis Enrique Fern\u00e1ndez Peredo, asegur\u00f3 que los difuntos por Covid-19 est\u00e1n siendo sepultados mediante los protocolos establecidos por autoridades sanitarias.<\/p>\n\n\n\n<p>El edil record\u00f3 que las autoridades sanitarias emitieron un decreto para dar sepultura a las personas que fallezcan por la mencionada enfermedad sin que haya riesgos de contagio.<\/p>\n\n\n\n<p>A\u00f1adi\u00f3 que las autoridades municipales han sido cuestionadas sobre por qu\u00e9 no han sido incinerados los cad\u00e1veres con Covid-19.<\/p>\n\n\n\n<p>\u201cNosotros estamos cumpliendo con todos y cada uno de los lineamientos que ha emitido la autoridad sanitaria para el manejo de cad\u00e1veres, en este caso la sepultura est\u00e1 debidamente permitida, siguiendo ciertos protocolos\u201d.<\/p>\n\n\n\n<p>Adem\u00e1s, indic\u00f3 que personal de la Direcci\u00f3n de Saiud y de Protecci\u00f3n Civil municipal brindaron la informaci\u00f3n a los deudos para que pudieran llevar a cabo el sepelio.<\/p>\n\n\n\n<p>Fern\u00e1ndez Peredo asegur\u00f3 que tambi\u00e9n el personal del pante\u00f3n municipal de Coatepec cuenta con la protecci\u00f3n y las medidas pertinentes para llevar a cabo la sepultura.<\/p>\n\n\n\n<p>Por otra parte, sentenci\u00f3 que ser\u00e1n aplicadas sanciones contra quienes incumplan las medidas sanitarias dispuestas por el ayuntamiento, como el uso obligatorio del cubrebocas.<\/p>\n\n\n\n<p>\u201cLo determin\u00f3 el Cabildo y caus\u00f3 mucha pol\u00e9mica porque empezaron a decir que \u00edbamos a arrestar y dem\u00e1s, que est\u00e1bamos violentando garant\u00edas individuales; sin embargo, el Bando de Polic\u00eda y Gobierno nos faculta para poder realizar diferentes tipos de sanciones\u201d.<\/p>\n\n\n\n<p>El Alcalde refiri\u00f3 que las sanciones comprenden la amonestaci\u00f3n, el arresto y una multa.<\/p>\n\n\n\n<p>Se habla de una multa que va de dos a cinco mil d\u00edas de salario m\u00ednimo, arresto hasta por 36 horas y trabajo en favor de la comunidad.<\/p>\n\n\n\n<p>A\u00f1adi\u00f3 que dichas medidas son necesarias debido a que los casos han aumentado de manera considerable durante este mes y la gente se niega a respetar las medidas sanitarias.<\/p>\n\n\n\n<p>De acuerdo con el \u00faltimo reporte de la Secretar\u00eda de Salud, en Coatepec aument\u00f3 a cinco la cifra de defunciones por Covid-19.\u00a0<br>Adem\u00e1s, se contabilizaron 19 casos positivos y 17 en investigaci\u00f3n.<\/p>\n\n\n\n<p><\/p>\n","protected":false},"excerpt":{"rendered":"<p>Juan Arcos Coatepec, Ver.- El presidente municipal de Coatepec, Luis Enrique Fern\u00e1ndez Peredo, asegur\u00f3 que los difuntos por Covid-19 est\u00e1n siendo sepultados mediante los protocolos establecidos por autoridades sanitarias. El edil record\u00f3 que las autoridades sanitarias emitieron un decreto para dar sepultura a las personas que fallezcan por la mencionada enfermedad sin que haya riesgos [&hellip;]<\/p>\n","protected":false},"author":1,"featured_media":3256,"comment_status":"open","ping_status":"open","sticky":false,"template":"","format":"standard","meta":{"_jetpack_memberships_contains_paid_content":false,"footnotes":""},"categories":[8],"tags":[],"class_list":["post-3255","post","type-post","status-publish","format-standard","has-post-thumbnail","hentry","category-region"],"jetpack_featured_media_url":"https:\/\/encuentroinformativo.com.mx\/wp-content\/uploads\/2020\/06\/49C59E6F-8F65-421E-A1B9-B2B5BCC08947.jpeg","jetpack_sharing_enabled":true,"jetpack_likes_enabled":true,"amp_enabled":true,"_links":{"self":[{"href":"https:\/\/encuentroinformativo.com.mx\/index.php?rest_route=\/wp\/v2\/posts\/3255","targetHints":{"allow":["GET"]}}],"collection":[{"href":"https:\/\/encuentroinformativo.com.mx\/index.php?rest_route=\/wp\/v2\/posts"}],"about":[{"href":"https:\/\/encuentroinformativo.com.mx\/index.php?rest_route=\/wp\/v2\/types\/post"}],"author":[{"embeddable":true,"href":"https:\/\/encuentroinformativo.com.mx\/index.php?rest_route=\/wp\/v2\/users\/1"}],"replies":[{"embeddable":true,"href":"https:\/\/encuentroinformativo.com.mx\/index.php?rest_route=%2Fwp%2Fv2%2Fcomments&post=3255"}],"version-history":[{"count":1,"href":"https:\/\/encuentroinformativo.com.mx\/index.php?rest_route=\/wp\/v2\/posts\/3255\/revisions"}],"predecessor-version":[{"id":3257,"href":"https:\/\/encuentroinformativo.com.mx\/index.php?rest_route=\/wp\/v2\/posts\/3255\/revisions\/3257"}],"wp:featuredmedia":[{"embeddable":true,"href":"https:\/\/encuentroinformativo.com.mx\/index.php?rest_route=\/wp\/v2\/media\/3256"}],"wp:attachment":[{"href":"https:\/\/encuentroinformativo.com.mx\/index.php?rest_route=%2Fwp%2Fv2%2Fmedia&parent=3255"}],"wp:term":[{"taxonomy":"category","embeddable":true,"href":"https:\/\/encuentroinformativo.com.mx\/index.php?rest_route=%2Fwp%2Fv2%2Fcategories&post=3255"},{"taxonomy":"post_tag","embeddable":true,"href":"https:\/\/encuentroinformativo.com.mx\/index.php?rest_route=%2Fwp%2Fv2%2Ftags&post=3255"}],"curies":[{"name":"wp","href":"https:\/\/api.w.org\/{rel}","templated":true}]}}