{"id":32554,"date":"2022-10-12T11:15:22","date_gmt":"2022-10-12T16:15:22","guid":{"rendered":"https:\/\/encuentroinformativo.com.mx\/?p=32554"},"modified":"2022-10-12T11:15:26","modified_gmt":"2022-10-12T16:15:26","slug":"en-tlapacoyan-ejecutan-a-joven-afuera-de-comercio","status":"publish","type":"post","link":"https:\/\/encuentroinformativo.com.mx\/?p=32554","title":{"rendered":"En Tlapacoyan ejecutan a joven afuera de comercio"},"content":{"rendered":"\n<p><strong>Alejandro \u00c1vila<\/strong><\/p>\n\n\n\n<p>Tlapacoyan, Ver.- La tarde de este martes fue asesinado en un comercio el joven Brandon &#8220;N&#8221; de 27 a\u00f1os de edad, el cual se suma a las v\u00edctomas cada vez m\u00e1s recurrentes de hechos violentos en el municipio de Tlapacoyan.<\/p>\n\n\n\n<p>El joven recibi\u00f3 varios impactos de bala en un comercio de la colonia L\u00e1zaro C\u00e1rdenas del mencionado municipio, por lo que los vecinos dieron aviso a las corporaciones de emergencia a trav\u00e9s del n\u00famero 911.<\/p>\n\n\n\n<p>Al lugar acudieron elementos de la Polic\u00eda Municipal como primeros respondientes, adem\u00e1s de los param\u00e9dicos de Protecci\u00f3n Civil Municipal, qui\u00e9nes tras brindarle los primeros auxilios trasladaron al herido al hospital.<\/p>\n\n\n\n<p>Desafortunadamente al llegar al estacionamiento del nosocomio, el agredido ya no contaba con signos vitales, por lo que procedieron&nbsp; a acordonar el lugar para las investigaciones pertinentes.<\/p>\n\n\n\n<p>A las puertas del hospital acudieron los Servicios Periciales, los cuales trasladaron al ya occiso al Servicio M\u00e9dico Forense (SEMEFO); al momento se desconoce la identidad de los agresores y el motivo por el que el joven fue atacado.<\/p>\n","protected":false},"excerpt":{"rendered":"<p>Alejandro \u00c1vila Tlapacoyan, Ver.- La tarde de este martes fue asesinado en un comercio el joven Brandon &#8220;N&#8221; de 27 a\u00f1os de edad, el cual se suma a las v\u00edctomas cada vez m\u00e1s recurrentes de hechos violentos en el municipio de Tlapacoyan. El joven recibi\u00f3 varios impactos de bala en un comercio de la colonia [&hellip;]<\/p>\n","protected":false},"author":1,"featured_media":32555,"comment_status":"open","ping_status":"open","sticky":false,"template":"","format":"standard","meta":{"_jetpack_memberships_contains_paid_content":false,"footnotes":""},"categories":[14],"tags":[],"class_list":["post-32554","post","type-post","status-publish","format-standard","has-post-thumbnail","hentry","category-policiaca"],"jetpack_featured_media_url":"https:\/\/encuentroinformativo.com.mx\/wp-content\/uploads\/2022\/10\/8569CD27-0508-47A2-9CB1-BF87511F061C.jpeg","jetpack_sharing_enabled":true,"jetpack_likes_enabled":true,"amp_enabled":true,"_links":{"self":[{"href":"https:\/\/encuentroinformativo.com.mx\/index.php?rest_route=\/wp\/v2\/posts\/32554","targetHints":{"allow":["GET"]}}],"collection":[{"href":"https:\/\/encuentroinformativo.com.mx\/index.php?rest_route=\/wp\/v2\/posts"}],"about":[{"href":"https:\/\/encuentroinformativo.com.mx\/index.php?rest_route=\/wp\/v2\/types\/post"}],"author":[{"embeddable":true,"href":"https:\/\/encuentroinformativo.com.mx\/index.php?rest_route=\/wp\/v2\/users\/1"}],"replies":[{"embeddable":true,"href":"https:\/\/encuentroinformativo.com.mx\/index.php?rest_route=%2Fwp%2Fv2%2Fcomments&post=32554"}],"version-history":[{"count":1,"href":"https:\/\/encuentroinformativo.com.mx\/index.php?rest_route=\/wp\/v2\/posts\/32554\/revisions"}],"predecessor-version":[{"id":32556,"href":"https:\/\/encuentroinformativo.com.mx\/index.php?rest_route=\/wp\/v2\/posts\/32554\/revisions\/32556"}],"wp:featuredmedia":[{"embeddable":true,"href":"https:\/\/encuentroinformativo.com.mx\/index.php?rest_route=\/wp\/v2\/media\/32555"}],"wp:attachment":[{"href":"https:\/\/encuentroinformativo.com.mx\/index.php?rest_route=%2Fwp%2Fv2%2Fmedia&parent=32554"}],"wp:term":[{"taxonomy":"category","embeddable":true,"href":"https:\/\/encuentroinformativo.com.mx\/index.php?rest_route=%2Fwp%2Fv2%2Fcategories&post=32554"},{"taxonomy":"post_tag","embeddable":true,"href":"https:\/\/encuentroinformativo.com.mx\/index.php?rest_route=%2Fwp%2Fv2%2Ftags&post=32554"}],"curies":[{"name":"wp","href":"https:\/\/api.w.org\/{rel}","templated":true}]}}