{"id":32560,"date":"2022-10-12T11:27:57","date_gmt":"2022-10-12T16:27:57","guid":{"rendered":"https:\/\/encuentroinformativo.com.mx\/?p=32560"},"modified":"2022-10-12T11:28:00","modified_gmt":"2022-10-12T16:28:00","slug":"karl-impactaria-viernes-por-la-noche-conagua","status":"publish","type":"post","link":"https:\/\/encuentroinformativo.com.mx\/?p=32560","title":{"rendered":"Karl impactar\u00eda viernes por la noche: CONAGUA"},"content":{"rendered":"\n<p><strong>Dar\u00edo Pale <\/strong><\/p>\n\n\n\n<p>Xalapa, Ver.- El impacto de <em>Karl<\/em> se espera de viernes para s\u00e1bado, por lo que las lluvias incrementar\u00e1n a partir del jueves en el norte, por lo que se prev\u00e9 un aumento de las precipitaciones a partir de este jueves en las zonas norte y centro del Estado.<\/p>\n\n\n\n<p>Mientras que de viernes a s\u00e1bado, es cuando se espera el impacto de Karl, el aumento de lluvias ser\u00e1 en la zona sur, en este \u00faltimo sitio con valores puntuales superiores de 150-250 mil\u00edmetros, as\u00ed lo inform\u00f3 la jefa de Hidrometeorolog\u00eda de la Comisi\u00f3n Nacional del Agua (CONAGUA), Jessica Luna.<\/p>\n\n\n\n<p>Expuso que a las 07:00 horas, la tormenta se mov\u00eda lentamente y se fortalec\u00eda, &#8220;Su centro se ubic\u00f3 aproximadamente a 300 km al nor-noreste del puerto de Veracruz y a 275 km al este-noreste de Tuxpan&#8221;, se\u00f1al\u00f3.<\/p>\n\n\n\n<p>Agreg\u00f3 que se mov\u00eda hacia el nor-noroeste a raz\u00f3n de 9 km\/h con vientos m\u00e1ximos sostenidos de 70 km\/h y rachas de 90 km\/h.<\/p>\n\n\n\n<p>&#8220;Como se podr\u00e1 observar en la imagen de sat\u00e9lite la mayor actividad contin\u00faa sobre el lado derecho del meteoro, conforme se acerque a territorio veracruzano sus bandas nubosas comenzar\u00e1n a crubir la entidad&#8221;, advirti\u00f3.<\/p>\n\n\n\n<p>Finalmente la servidora p\u00fablica pidi\u00f3 a la poblaci\u00f3n mantenerse pendiente de las pr\u00f3ximas actualizaciones.<\/p>\n","protected":false},"excerpt":{"rendered":"<p>Dar\u00edo Pale Xalapa, Ver.- El impacto de Karl se espera de viernes para s\u00e1bado, por lo que las lluvias incrementar\u00e1n a partir del jueves en el norte, por lo que se prev\u00e9 un aumento de las precipitaciones a partir de este jueves en las zonas norte y centro del Estado. Mientras que de viernes a [&hellip;]<\/p>\n","protected":false},"author":1,"featured_media":32561,"comment_status":"open","ping_status":"open","sticky":false,"template":"","format":"standard","meta":{"_jetpack_memberships_contains_paid_content":false,"footnotes":""},"categories":[2],"tags":[],"class_list":["post-32560","post","type-post","status-publish","format-standard","has-post-thumbnail","hentry","category-estado"],"jetpack_featured_media_url":"https:\/\/encuentroinformativo.com.mx\/wp-content\/uploads\/2022\/10\/B4246B8F-C7AB-4B42-88DA-31EE71C90AAB.jpeg","jetpack_sharing_enabled":true,"jetpack_likes_enabled":true,"amp_enabled":true,"_links":{"self":[{"href":"https:\/\/encuentroinformativo.com.mx\/index.php?rest_route=\/wp\/v2\/posts\/32560","targetHints":{"allow":["GET"]}}],"collection":[{"href":"https:\/\/encuentroinformativo.com.mx\/index.php?rest_route=\/wp\/v2\/posts"}],"about":[{"href":"https:\/\/encuentroinformativo.com.mx\/index.php?rest_route=\/wp\/v2\/types\/post"}],"author":[{"embeddable":true,"href":"https:\/\/encuentroinformativo.com.mx\/index.php?rest_route=\/wp\/v2\/users\/1"}],"replies":[{"embeddable":true,"href":"https:\/\/encuentroinformativo.com.mx\/index.php?rest_route=%2Fwp%2Fv2%2Fcomments&post=32560"}],"version-history":[{"count":1,"href":"https:\/\/encuentroinformativo.com.mx\/index.php?rest_route=\/wp\/v2\/posts\/32560\/revisions"}],"predecessor-version":[{"id":32562,"href":"https:\/\/encuentroinformativo.com.mx\/index.php?rest_route=\/wp\/v2\/posts\/32560\/revisions\/32562"}],"wp:featuredmedia":[{"embeddable":true,"href":"https:\/\/encuentroinformativo.com.mx\/index.php?rest_route=\/wp\/v2\/media\/32561"}],"wp:attachment":[{"href":"https:\/\/encuentroinformativo.com.mx\/index.php?rest_route=%2Fwp%2Fv2%2Fmedia&parent=32560"}],"wp:term":[{"taxonomy":"category","embeddable":true,"href":"https:\/\/encuentroinformativo.com.mx\/index.php?rest_route=%2Fwp%2Fv2%2Fcategories&post=32560"},{"taxonomy":"post_tag","embeddable":true,"href":"https:\/\/encuentroinformativo.com.mx\/index.php?rest_route=%2Fwp%2Fv2%2Ftags&post=32560"}],"curies":[{"name":"wp","href":"https:\/\/api.w.org\/{rel}","templated":true}]}}