{"id":32563,"date":"2022-10-12T11:37:37","date_gmt":"2022-10-12T16:37:37","guid":{"rendered":"https:\/\/encuentroinformativo.com.mx\/?p=32563"},"modified":"2022-10-12T11:37:41","modified_gmt":"2022-10-12T16:37:41","slug":"aumentan-casos-de-violencia-sexual-en-psicologia-acusan-estudiantes","status":"publish","type":"post","link":"https:\/\/encuentroinformativo.com.mx\/?p=32563","title":{"rendered":"Aumentan casos de violencia sexual en Psicolog\u00eda, acusan estudiantes"},"content":{"rendered":"\n<p><strong>Juan Arcos <\/strong><\/p>\n\n\n\n<p>Xalapa, Ver.- Alumnas de la Facultad de Psicolog\u00eda de la Universidad Veracruzana (UV) denunciaron que han aumentado los casos de violencia sexual contra las estudiantes.<\/p>\n\n\n\n<p>Las feministas se sumaron al paro estudiantil por el conflicto en la Unidad Acad\u00e9mica de Humanidades, donde un alumno destruy\u00f3 con su navaja el \u201ctendedero del acoso\u201d con su fotograf\u00eda, pero no fue sancionado.<\/p>\n\n\n\n<p>\u201cEstamos en apoyo a nuestras compas de Humanidades, espec\u00edficamente de Antropolog\u00eda, regi\u00f3n Xalapa. Estamos en paro estudiantil debido a la violencia sexual que se est\u00e1 viviendo en contra de las estudiantes\u201d, comentaron de manera an\u00f3nima.<\/p>\n\n\n\n<p>Las integrantes de la Colectiva Medusa colocaron pancartas sobre la fachada de la Facultad de Psicolog\u00eda, donde denunciaron que las autoridades universitarias han \u201cprotegido\u201d a los presuntos agresores.<\/p>\n\n\n\n<p>\u201cLa violencia ha alcanzado niveles extraordinarios porque la instituci\u00f3n no ha sabido y no ha querido responder ante las denuncias que se han suscitado dentro y fuera de las instalaciones de la universidad\u201d, indicaron.<\/p>\n\n\n\n<p>Las estudiantes dijeron contar con registros e informaci\u00f3n sobre el encubrimiento a \u201cacosadores\u201d desde el a\u00f1o 2019 por parte de las autoridades de la m\u00e1xima casa de estudios del estado.<\/p>\n\n\n\n<p>Se\u00f1alaron que esta situaci\u00f3n ha ocurrido no solo en la regi\u00f3n Xalapa, sino tambi\u00e9n, en las facultades de la zona de Orizaba, Poza Rica y el puerto de Veracruz.<\/p>\n\n\n\n<p>\u201cLa Universidad Veracruzana lleva encubriendo, desde que nosotras tenemos registro real, desde el 2019\u201d, enfatizaron.\u00a0<br>Las inconformes pidieron a las dem\u00e1s alumnas que se sumen a los paros estudiantiles para exigir garant\u00edas de seguridad y espacios libres de violencia en la UV.<\/p>\n\n\n\n<figure class=\"wp-block-image size-large\"><img loading=\"lazy\" decoding=\"async\" width=\"1024\" height=\"768\" src=\"https:\/\/encuentroinformativo.com.mx\/wp-content\/uploads\/2022\/10\/533EA243-C83B-4191-99C8-9B2239726D7B-1024x768.jpeg\" alt=\"\" class=\"wp-image-32565\" srcset=\"https:\/\/encuentroinformativo.com.mx\/wp-content\/uploads\/2022\/10\/533EA243-C83B-4191-99C8-9B2239726D7B-1024x768.jpeg 1024w, https:\/\/encuentroinformativo.com.mx\/wp-content\/uploads\/2022\/10\/533EA243-C83B-4191-99C8-9B2239726D7B-300x225.jpeg 300w, https:\/\/encuentroinformativo.com.mx\/wp-content\/uploads\/2022\/10\/533EA243-C83B-4191-99C8-9B2239726D7B-768x576.jpeg 768w, https:\/\/encuentroinformativo.com.mx\/wp-content\/uploads\/2022\/10\/533EA243-C83B-4191-99C8-9B2239726D7B.jpeg 1280w\" sizes=\"auto, (max-width: 1024px) 100vw, 1024px\" \/><\/figure>\n","protected":false},"excerpt":{"rendered":"<p>Juan Arcos Xalapa, Ver.- Alumnas de la Facultad de Psicolog\u00eda de la Universidad Veracruzana (UV) denunciaron que han aumentado los casos de violencia sexual contra las estudiantes. Las feministas se sumaron al paro estudiantil por el conflicto en la Unidad Acad\u00e9mica de Humanidades, donde un alumno destruy\u00f3 con su navaja el \u201ctendedero del acoso\u201d con [&hellip;]<\/p>\n","protected":false},"author":1,"featured_media":32564,"comment_status":"open","ping_status":"open","sticky":false,"template":"","format":"standard","meta":{"_jetpack_memberships_contains_paid_content":false,"footnotes":""},"categories":[3],"tags":[],"class_list":["post-32563","post","type-post","status-publish","format-standard","has-post-thumbnail","hentry","category-xalapa"],"jetpack_featured_media_url":"https:\/\/encuentroinformativo.com.mx\/wp-content\/uploads\/2022\/10\/94741920-6C39-4692-8482-1DA139459133.jpeg","jetpack_sharing_enabled":true,"jetpack_likes_enabled":true,"amp_enabled":true,"_links":{"self":[{"href":"https:\/\/encuentroinformativo.com.mx\/index.php?rest_route=\/wp\/v2\/posts\/32563","targetHints":{"allow":["GET"]}}],"collection":[{"href":"https:\/\/encuentroinformativo.com.mx\/index.php?rest_route=\/wp\/v2\/posts"}],"about":[{"href":"https:\/\/encuentroinformativo.com.mx\/index.php?rest_route=\/wp\/v2\/types\/post"}],"author":[{"embeddable":true,"href":"https:\/\/encuentroinformativo.com.mx\/index.php?rest_route=\/wp\/v2\/users\/1"}],"replies":[{"embeddable":true,"href":"https:\/\/encuentroinformativo.com.mx\/index.php?rest_route=%2Fwp%2Fv2%2Fcomments&post=32563"}],"version-history":[{"count":1,"href":"https:\/\/encuentroinformativo.com.mx\/index.php?rest_route=\/wp\/v2\/posts\/32563\/revisions"}],"predecessor-version":[{"id":32566,"href":"https:\/\/encuentroinformativo.com.mx\/index.php?rest_route=\/wp\/v2\/posts\/32563\/revisions\/32566"}],"wp:featuredmedia":[{"embeddable":true,"href":"https:\/\/encuentroinformativo.com.mx\/index.php?rest_route=\/wp\/v2\/media\/32564"}],"wp:attachment":[{"href":"https:\/\/encuentroinformativo.com.mx\/index.php?rest_route=%2Fwp%2Fv2%2Fmedia&parent=32563"}],"wp:term":[{"taxonomy":"category","embeddable":true,"href":"https:\/\/encuentroinformativo.com.mx\/index.php?rest_route=%2Fwp%2Fv2%2Fcategories&post=32563"},{"taxonomy":"post_tag","embeddable":true,"href":"https:\/\/encuentroinformativo.com.mx\/index.php?rest_route=%2Fwp%2Fv2%2Ftags&post=32563"}],"curies":[{"name":"wp","href":"https:\/\/api.w.org\/{rel}","templated":true}]}}